{"id":114575,"date":"2021-04-08T17:03:08","date_gmt":"2021-04-08T21:03:08","guid":{"rendered":"https:\/\/linitiative.ca\/International\/reconciliation-nationale-le-paren-ne-veut-pas-dun-fourre-tout\/"},"modified":"2021-04-08T17:03:08","modified_gmt":"2021-04-08T21:03:08","slug":"reconciliation-nationale-le-paren-ne-veut-pas-dun-fourre-tout","status":"publish","type":"post","link":"https:\/\/linitiative.ca\/International\/reconciliation-nationale-le-paren-ne-veut-pas-dun-fourre-tout\/","title":{"rendered":"R\u00e9conciliation nationale : le PAREN ne veut pas d\u2019\u00abun fourre-tout \u00bb"},"content":{"rendered":"<div class=\"td-post-featured-image\"><a href=\"https:\/\/www.sidwaya.info\/wp-content\/uploads\/2021\/04\/1-22.jpg\" data-caption=\"\"><img loading=\"lazy\" decoding=\"async\" width=\"595\" height=\"397\" class=\"entry-thumb td-modal-image\" src=\"https:\/\/www.sidwaya.info\/wp-content\/uploads\/2021\/04\/1-22.jpg\" srcset=\"https:\/\/www.sidwaya.info\/wp-content\/uploads\/2021\/04\/1-22.jpg 595w, https:\/\/www.sidwaya.info\/wp-content\/uploads\/2021\/04\/1-22-300x200.jpg 300w, https:\/\/www.sidwaya.info\/wp-content\/uploads\/2021\/04\/1-22-150x100.jpg 150w\" sizes=\"auto, (max-width: 595px) 100vw, 595px\" alt=\"\" title=\"1\"\/><\/a><\/div>\n<p><strong>Le Comit\u00e9 de r\u00e9organisation du Parti pour la renaissance nationale (PAREN) a anim\u00e9 une conf\u00e9rence de presse, le jeudi 8 avril 2021 \u00e0 Ouagadougou. Avec les journalistes, les \u00e9changes ont port\u00e9 sur le bilan du parti \u00e0 l\u2019issue des \u00e9lections l\u00e9gislatives et sur l\u2019actualit\u00e9 nationale.<\/strong><\/p>\n<p>Le bilan de la participation du Parti pour la renaissance nationale (PAREN) aux \u00e9lections coupl\u00e9es pr\u00e9sidentielle et l\u00e9gislatives du 22 novembre 2020 a r\u00e9v\u00e9l\u00e9 de \u00ab graves \u00bb dysfonctionnements dans l\u2019organisation du parti. C\u2019est ce qu\u2019a fait savoir le pr\u00e9sident de Comit\u00e9 de r\u00e9organisation du parti, Abdoul Karim Sango, au cours d\u2019une conf\u00e9rence de presse, anim\u00e9e le jeudi 8 avril 2021, \u00e0 Ouagadougou. \u00ab Apr\u00e8s 2012, c\u2019est la seconde fois que notre grand parti d\u2019id\u00e9es prend part \u00e0 un scrutin l\u00e9gislatif et n\u2019obtient pas d\u2019\u00e9lus \u00bb, a regrett\u00e9 Abdoul Karim Sango. C\u2019est cette \u00ab d\u00e9convenue \u00e9lectorale \u00bb, a-t-il expliqu\u00e9, qui a conduit \u00e0 la d\u00e9mission de l\u2019ensemble des membres du bureau ex\u00e9cutif national et \u00e0 la mise en place du comit\u00e9 de r\u00e9organisation dont il est le pr\u00e9sident. Cette instance, a soulign\u00e9 Abdoul Karim Sango, a pour mission de faire des suggestions et de faire des propositions \u00e0 m\u00eame de relancer le parti, au prochain Congr\u00e8s qui se tiendra les 28 et 29 mai 2021 \u00e0 Ouagadougou. \u00ab Cette rencontre nous permettra de revenir sur les causes r\u00e9elles de cette d\u00e9convenue \u00e9lectorale \u00bb, a-t-indiqu\u00e9.<\/p>\n<p>Au sujet de la situation nationale, les animateurs de la conf\u00e9rence sont revenus sur la r\u00e9conciliation nationale, l\u2019\u00e9ducation nationale et le changement climatique. Le pr\u00e9sident du Comit\u00e9 de r\u00e9organisation du PAREN soutient l\u2019initiative du Pr\u00e9sident du Faso, Roch Marc Christian Kabor\u00e9, de faire de la r\u00e9conciliation nationale un des axes centraux de sa gouvernance, selon les dires de M. Sango. Pour lui, le parti est b\u00e2ti sur le socle de la culture africaine dont les valeurs pr\u00e9disposent \u00e0 la r\u00e9conciliation nationale.<br \/>Toutefois, tirant le\u00e7ons de l\u2019histoire du Burkina Faso, le PAREN, a-t-il soutenu, propose que cette r\u00e9conciliation se fasse en reposant sur le principe v\u00e9rit\u00e9-justice-r\u00e9conciliation, selon la nature du dossier. Il sugg\u00e8re \u00e0 cet effet, d\u2019acc\u00e9l\u00e9rer les jugements des dossiers embl\u00e9matiques des crimes de sang en cours de proc\u00e9dure et d\u2019\u00e9viter surtout que la question de la r\u00e9conciliation nationale soit \u00ab un fourre-tout \u00bb. \u00ab C\u2019est la haine politique entre les acteurs qui a aliment\u00e9 le processus de la division au sein du peuple \u00bb, a martel\u00e9 le pr\u00e9sident du comit\u00e9 de r\u00e9organisation du PAREN.<\/p>\n<p>Au sujet de l\u2019\u00e9ducation nationale, les animateurs du point de presse ont invit\u00e9 les Burkinab\u00e8 \u00e0 se surpasser afin de sauver le syst\u00e8me qui, selon eux, souffre d\u00e9j\u00e0 de beaucoup de maux. \u00ab L\u2019\u00e9ducation ne saurait \u00eatre un sujet de politique politicienne. S\u2019il y a des probl\u00e8mes, ceux-ci doivent pouvoir \u00eatre examin\u00e9s de fa\u00e7on objective dans l\u2019int\u00e9r\u00eat sup\u00e9rieur des apprenants et de la Nation \u00bb, ont-t-ils affirm\u00e9. Fustigeant l\u2019attitude de certains \u00e9l\u00e8ves \u00e0 toujours d\u00e9serter les classes pour des revendications souvent \u00ab st\u00e9riles \u00bb, Abdoul Karim Sango, a laiss\u00e9 entendre que ce qui devrait nous pr\u00e9occuper, c\u2019est la qualit\u00e9 de la formation et des possibilit\u00e9s que celle-ci peut offrir en mati\u00e8re d\u2019acc\u00e8s \u00e0 l\u2019emploi. Sur le d\u00e9bat des r\u00e9formes, en cours au minist\u00e8re en charge de l\u2019\u00e9ducation nationale, il a invit\u00e9 les acteurs concern\u00e9s au dialogue afin que l\u2019ann\u00e9e s\u2019ach\u00e8ve en toute qui\u00e9tude.<br \/>Pour ce qui est du changement climatique, le PAREN a indiqu\u00e9 s\u2019inqui\u00e9ter de ses effets sur la vie humaine. Aussi, invite-t-il chaque Burkinab\u00e8 \u00e0 une prise de conscience afin de minimiser les d\u00e9g\u00e2ts. Au gouvernement, il propose de repenser le mod\u00e8le de d\u00e9veloppement en l\u2019imprimant sur les valeurs endog\u00e8nes.<\/p>\n<p class=\"c1\"><strong>Souma\u00efla BONKOUNGOU<\/strong><\/p>\n<div class=\"td-a-rec td-a-rec-id-content_bottom tdi_33_d0f td_block_template_1\">\n<p><img loading=\"lazy\" decoding=\"async\" class=\"aligncenter size-full wp-image-27454\" src=\"https:\/\/www.sidwaya.info\/wp-content\/uploads\/2020\/10\/PUB-Bandeau-paiement-mobile-siteweb.jpg\" alt=\"\" width=\"728\" height=\"90\"\/><\/div>\n<p>Auteur: BM. Sidwaya<br \/>\n<a href=\"https:\/\/www.sidwaya.info\/blog\/2021\/04\/08\/reconciliation-nationale-le-paren-ne-veut-pas-dun-fourre-tout\/\">Cliquez ici pour lire l&rsquo;article depuis sa source.<\/a><\/p>\n","protected":false},"excerpt":{"rendered":"<p>Le Comit\u00e9 de r\u00e9organisation du Parti pour la renaissance nationale (PAREN) a anim\u00e9 une conf\u00e9rence de presse, le jeudi 8 avril 2021 \u00e0 Ouagadougou. Avec les journalistes, les \u00e9changes ont port\u00e9 sur le bilan du parti \u00e0 l\u2019issue des \u00e9lections l\u00e9gislatives et sur l\u2019actualit\u00e9 nationale. Le bilan de la participation du Parti pour la renaissance [&hellip;]<\/p>\n","protected":false},"author":1816,"featured_media":0,"comment_status":"closed","ping_status":"closed","sticky":false,"template":"","format":"standard","meta":{"fifu_image_url":"https:\/\/www.sidwaya.info\/wp-content\/uploads\/2021\/04\/1-22.jpg","fifu_image_alt":"R\u00e9conciliation nationale : le PAREN ne veut pas d\u2019\u00abun fourre-tout \u00bb","footnotes":""},"categories":[73,81],"tags":[],"class_list":["post-114575","post","type-post","status-publish","format-standard","hentry","category-actualite","category-burkina-faso"],"_links":{"self":[{"href":"https:\/\/linitiative.ca\/International\/wp-json\/wp\/v2\/posts\/114575","targetHints":{"allow":["GET"]}}],"collection":[{"href":"https:\/\/linitiative.ca\/International\/wp-json\/wp\/v2\/posts"}],"about":[{"href":"https:\/\/linitiative.ca\/International\/wp-json\/wp\/v2\/types\/post"}],"author":[{"embeddable":true,"href":"https:\/\/linitiative.ca\/International\/wp-json\/wp\/v2\/users\/1816"}],"replies":[{"embeddable":true,"href":"https:\/\/linitiative.ca\/International\/wp-json\/wp\/v2\/comments?post=114575"}],"version-history":[{"count":0,"href":"https:\/\/linitiative.ca\/International\/wp-json\/wp\/v2\/posts\/114575\/revisions"}],"wp:attachment":[{"href":"https:\/\/linitiative.ca\/International\/wp-json\/wp\/v2\/media?parent=114575"}],"wp:term":[{"taxonomy":"category","embeddable":true,"href":"https:\/\/linitiative.ca\/International\/wp-json\/wp\/v2\/categories?post=114575"},{"taxonomy":"post_tag","embeddable":true,"href":"https:\/\/linitiative.ca\/International\/wp-json\/wp\/v2\/tags?post=114575"}],"curies":[{"name":"wp","href":"https:\/\/api.w.org\/{rel}","templated":true}]}}