{"id":114576,"date":"2021-04-08T14:18:02","date_gmt":"2021-04-08T18:18:02","guid":{"rendered":"https:\/\/linitiative.ca\/International\/maroc-medi-1-tv-a-lheure-du-ramadan\/"},"modified":"2021-04-08T14:18:02","modified_gmt":"2021-04-08T18:18:02","slug":"maroc-medi-1-tv-a-lheure-du-ramadan","status":"publish","type":"post","link":"https:\/\/linitiative.ca\/International\/maroc-medi-1-tv-a-lheure-du-ramadan\/","title":{"rendered":"Maroc : MEDI 1 TV \u00e0 l\u2019heure du Ramadan"},"content":{"rendered":"<div readability=\"32\">\n<p>Publi\u00e9 le 08.04.2021 \u00e0 19h18 par APA News<\/p>\n<\/div>\n<div readability=\"66\">\n<p>La cha\u00eene marocaine d\u2019informations en continu a \u00e9labor\u00e9 avec soin une tranche d\u00e9di\u00e9e \u00e0 la spiritualit\u00e9 et \u00e0 l\u2019actualit\u00e9 culturelle.Quatri\u00e8me pilier de l\u2019Islam, le je\u00fbne du mois de Ramadan est pour tr\u00e8s bient\u00f4t. \u00ab \u00c0 l\u2019occasion de ce mois sacr\u00e9, MEDI 1 TV propose \u00e0 ses t\u00e9l\u00e9spectateurs de vivre diff\u00e9remment ce moment unique de l\u2019ann\u00e9e \u00bb selon un communiqu\u00e9 re\u00e7u \u00e0 APA ce jeudi.<\/p>\n<p>Ainsi, de 18 heures \u00e0 19 heures 30, \u00ab un contenu riche et dynamique \u00bb sera diffus\u00e9 sur MEDI 1 TV pour permettre aux t\u00e9l\u00e9spectateurs de \u00ab (re)d\u00e9couvrir la richesse du patrimoine culturel du Royaume et son rayonnement spirituel sur le continent africain \u00bb.<\/p>\n<p>Avec la nouvelle production Mamlakat Alawlyae, MEDI 1 TV souhaite plonger son fid\u00e8le public dans \u00ab le Royaume des Saints\u00a0\u00bb du Maroc \u00e0 travers les si\u00e8cles. Et \u00ab d\u2019\u00e9minents intellectuels du monde musulman, de F\u00e8s \u00e0 Damas en passant par Istanbul et Alexandrie \u00bb, seront mis \u00e0 contribution.<\/p>\n<p>La cha\u00eene d\u2019informations continues veut \u00e9galement entra\u00eener ses t\u00e9l\u00e9spectateurs dans \u00ab un voyage spirituel au c\u0153ur des confr\u00e9ries \u00bb. A travers l\u2019\u00e9mission Zawayas, \u00ab le r\u00f4le pr\u00e9pond\u00e9rant jou\u00e9 par les imams et soufis du Royaume dans leur expansion \u00bb en Afrique sera \u00e9tudi\u00e9.<\/p>\n<p>Pour sa part, Food Bladi\u00a0est un clin d\u2019\u0153il aux chefs marocains \u00ab qui contribuent au rayonnement du patrimoine culinaire national \u00e0 l\u2019international\u00a0\u00bb.<\/p>\n<p>Enfin, Andaloussiyate\u00a0se veut \u00ab une respiration musicale au moment de la rupture du je\u00fbne\u00a0\u00bb. Objectif, offrir au public \u00ab un instant de partage et de s\u00e9r\u00e9nit\u00e9\u0301 en famille pour savourer la richesse de la cr\u00e9ativit\u00e9\u0301 po\u00e9tique et spirituelle h\u00e9rit\u00e9e de la culture andalouse\u00a0\u00bb.<\/p>\n<\/div>\n<p>Auteur: APA News<br \/>\n<a href=\"https:\/\/www.journalducameroun.com\/maroc-medi-1-tv-a-lheure-du-ramadan\/\">Cliquez ici pour lire l&rsquo;article depuis sa source.<\/a><\/p>\n","protected":false},"excerpt":{"rendered":"<p>Publi\u00e9 le 08.04.2021 \u00e0 19h18 par APA News La cha\u00eene marocaine d\u2019informations en continu a \u00e9labor\u00e9 avec soin une tranche d\u00e9di\u00e9e \u00e0 la spiritualit\u00e9 et \u00e0 l\u2019actualit\u00e9 culturelle.Quatri\u00e8me pilier de l\u2019Islam, le je\u00fbne du mois de Ramadan est pour tr\u00e8s bient\u00f4t. \u00ab \u00c0 l\u2019occasion de ce mois sacr\u00e9, MEDI 1 TV propose \u00e0 ses t\u00e9l\u00e9spectateurs [&hellip;]<\/p>\n","protected":false},"author":1965,"featured_media":0,"comment_status":"closed","ping_status":"closed","sticky":false,"template":"","format":"standard","meta":{"fifu_image_url":"","fifu_image_alt":"","footnotes":""},"categories":[73,82],"tags":[],"class_list":["post-114576","post","type-post","status-publish","format-standard","hentry","category-actualite","category-cameroun"],"_links":{"self":[{"href":"https:\/\/linitiative.ca\/International\/wp-json\/wp\/v2\/posts\/114576","targetHints":{"allow":["GET"]}}],"collection":[{"href":"https:\/\/linitiative.ca\/International\/wp-json\/wp\/v2\/posts"}],"about":[{"href":"https:\/\/linitiative.ca\/International\/wp-json\/wp\/v2\/types\/post"}],"author":[{"embeddable":true,"href":"https:\/\/linitiative.ca\/International\/wp-json\/wp\/v2\/users\/1965"}],"replies":[{"embeddable":true,"href":"https:\/\/linitiative.ca\/International\/wp-json\/wp\/v2\/comments?post=114576"}],"version-history":[{"count":0,"href":"https:\/\/linitiative.ca\/International\/wp-json\/wp\/v2\/posts\/114576\/revisions"}],"wp:attachment":[{"href":"https:\/\/linitiative.ca\/International\/wp-json\/wp\/v2\/media?parent=114576"}],"wp:term":[{"taxonomy":"category","embeddable":true,"href":"https:\/\/linitiative.ca\/International\/wp-json\/wp\/v2\/categories?post=114576"},{"taxonomy":"post_tag","embeddable":true,"href":"https:\/\/linitiative.ca\/International\/wp-json\/wp\/v2\/tags?post=114576"}],"curies":[{"name":"wp","href":"https:\/\/api.w.org\/{rel}","templated":true}]}}