{"id":114578,"date":"2021-04-08T15:18:02","date_gmt":"2021-04-08T19:18:02","guid":{"rendered":"https:\/\/linitiative.ca\/International\/senegal-deces-du-juge-samba-sall\/"},"modified":"2021-04-08T15:18:02","modified_gmt":"2021-04-08T19:18:02","slug":"senegal-deces-du-juge-samba-sall","status":"publish","type":"post","link":"https:\/\/linitiative.ca\/International\/senegal-deces-du-juge-samba-sall\/","title":{"rendered":"S\u00e9n\u00e9gal : d\u00e9c\u00e8s du juge Samba Sall"},"content":{"rendered":"<div readability=\"32\">\n<p>Publi\u00e9 le 08.04.2021 \u00e0 20h18 par APA News<\/p>\n<\/div>\n<div readability=\"44\">\n<p>Le Doyen des juges d\u2019instruction (DJI) du premier cabinet du tribunal de Dakar, Samba Sall, est d\u00e9c\u00e9d\u00e9 ce jeudi \u00e0 Dakar.Il a rendu l\u2019\u00e2me \u00e0 l\u2019h\u00f4pital Principal de Dakar des suites d\u2019une longue maladie, rapporte la presse locale.<\/p>\n<p>Il avait h\u00e9rit\u00e9 de plusieurs dossiers dont les affaires Khalifa Sall, ex-maire de Dakar et de l\u2019opposant Ousmane Sonko, r\u00e9cemment accus\u00e9 de viols par une employ\u00e9e d\u2019un salon de massage dakarois, Adji Sarr.<\/p>\n<\/div>\n<p>Auteur: APA News<br \/>\n<a href=\"https:\/\/www.journalducameroun.com\/senegal-deces-du-juge-samba-sall\/\">Cliquez ici pour lire l&rsquo;article depuis sa source.<\/a><\/p>\n","protected":false},"excerpt":{"rendered":"<p>Publi\u00e9 le 08.04.2021 \u00e0 20h18 par APA News Le Doyen des juges d\u2019instruction (DJI) du premier cabinet du tribunal de Dakar, Samba Sall, est d\u00e9c\u00e9d\u00e9 ce jeudi \u00e0 Dakar.Il a rendu l\u2019\u00e2me \u00e0 l\u2019h\u00f4pital Principal de Dakar des suites d\u2019une longue maladie, rapporte la presse locale. Il avait h\u00e9rit\u00e9 de plusieurs dossiers dont les affaires [&hellip;]<\/p>\n","protected":false},"author":1965,"featured_media":0,"comment_status":"closed","ping_status":"closed","sticky":false,"template":"","format":"standard","meta":{"fifu_image_url":"","fifu_image_alt":"","footnotes":""},"categories":[73,82],"tags":[],"class_list":["post-114578","post","type-post","status-publish","format-standard","hentry","category-actualite","category-cameroun"],"_links":{"self":[{"href":"https:\/\/linitiative.ca\/International\/wp-json\/wp\/v2\/posts\/114578","targetHints":{"allow":["GET"]}}],"collection":[{"href":"https:\/\/linitiative.ca\/International\/wp-json\/wp\/v2\/posts"}],"about":[{"href":"https:\/\/linitiative.ca\/International\/wp-json\/wp\/v2\/types\/post"}],"author":[{"embeddable":true,"href":"https:\/\/linitiative.ca\/International\/wp-json\/wp\/v2\/users\/1965"}],"replies":[{"embeddable":true,"href":"https:\/\/linitiative.ca\/International\/wp-json\/wp\/v2\/comments?post=114578"}],"version-history":[{"count":0,"href":"https:\/\/linitiative.ca\/International\/wp-json\/wp\/v2\/posts\/114578\/revisions"}],"wp:attachment":[{"href":"https:\/\/linitiative.ca\/International\/wp-json\/wp\/v2\/media?parent=114578"}],"wp:term":[{"taxonomy":"category","embeddable":true,"href":"https:\/\/linitiative.ca\/International\/wp-json\/wp\/v2\/categories?post=114578"},{"taxonomy":"post_tag","embeddable":true,"href":"https:\/\/linitiative.ca\/International\/wp-json\/wp\/v2\/tags?post=114578"}],"curies":[{"name":"wp","href":"https:\/\/api.w.org\/{rel}","templated":true}]}}