{"id":114579,"date":"2021-04-08T17:18:02","date_gmt":"2021-04-08T21:18:02","guid":{"rendered":"https:\/\/linitiative.ca\/International\/cote-divoire-harmonisation-des-filieres-de-la-formation-professionnelle\/"},"modified":"2021-04-08T17:18:02","modified_gmt":"2021-04-08T21:18:02","slug":"cote-divoire-harmonisation-des-filieres-de-la-formation-professionnelle","status":"publish","type":"post","link":"https:\/\/linitiative.ca\/International\/cote-divoire-harmonisation-des-filieres-de-la-formation-professionnelle\/","title":{"rendered":"C\u00f4te d\u2019Ivoire: harmonisation des fili\u00e8res de la formation professionnelle"},"content":{"rendered":"<div readability=\"32\">\n<p>Publi\u00e9 le 08.04.2021 \u00e0 22h18 par APA News<\/p>\n<\/div>\n<div readability=\"70\">\n<p>Quelque 12 fili\u00e8res et 93 sp\u00e9cialit\u00e9s retenues comme les plus pertinentes de l\u2019enseignement technique et de la formation professionnelle en C\u00f4te d\u2019Ivoire, ont \u00e9t\u00e9 harmonis\u00e9es et actualis\u00e9es au terme d\u2019un atelier dont les r\u00e9sultats ont \u00e9t\u00e9 restitu\u00e9s jeudi \u00e0 Abidjan.<\/p>\n<p>Chacune de ces 12 fili\u00e8res et 93 sp\u00e9cialit\u00e9s retenues, ont fait \u00a0l\u2019objet d\u2019une d\u00e9nomination consensuelle.<\/p>\n<p>A cette occasion, Djedj Mel, le directeur de cabinet du secr\u00e9tariat d\u2019Etat en charge de l\u2019enseignement technique et de la formation professionnelle, a \u00a0rappel\u00e9 que le gouvernement ivoirien entend faire de la formation professionnelle un axe majeur de son action, \u00a0\u00ab afin de r\u00e9pondre efficacement \u00a0aux besoins de main d\u2019\u0153uvre de notre \u00a0\u00e9conomie \u00bb.<\/p>\n<p>Pour sa part, No\u00ebl Kossonou, le directeur des fili\u00e8res, de l\u2019innovation et de la qualit\u00e9 (DFIQ), s\u2019est r\u00e9joui de la tenue de cet atelier, soulignant l\u2019importance des fili\u00e8res et des sp\u00e9cialit\u00e9s au regard de leur incidence sur l\u2019efficacit\u00e9 du dispositif de formation.<\/p>\n<p>Quant \u00e0 N\u2019Dri Koffi, le pr\u00e9sident du Conseil national des branches professionnelles, il a appel\u00e9 les acteurs de l\u2019enseignement technique et de la formation professionnelle en C\u00f4te d\u2019Ivoire \u00e0 multiplier les concertations \u00a0\u00abpour une meilleure ad\u00e9quation formation-Emploi \u00a0\u00bb.<\/p>\n<p>Apr\u00e8s cet atelier qui a permis aux acteurs de l\u2019enseignement technique et de la formation professionnelle de s\u2019accorder sur le r\u00e9pertoire, les d\u00e9nominations des fili\u00e8res et sp\u00e9cialit\u00e9s actuelles, la prochaine \u00e9tape consistera \u00a0\u00e0 adapter et harmoniser les curricula et les programmes de formation.<\/p>\n<\/div>\n<p>Auteur: APA News<br \/>\n<a href=\"https:\/\/www.journalducameroun.com\/cote-divoire-harmonisation-des-filieres-de-la-formation-professionnelle\/\">Cliquez ici pour lire l&rsquo;article depuis sa source.<\/a><\/p>\n","protected":false},"excerpt":{"rendered":"<p>Publi\u00e9 le 08.04.2021 \u00e0 22h18 par APA News Quelque 12 fili\u00e8res et 93 sp\u00e9cialit\u00e9s retenues comme les plus pertinentes de l\u2019enseignement technique et de la formation professionnelle en C\u00f4te d\u2019Ivoire, ont \u00e9t\u00e9 harmonis\u00e9es et actualis\u00e9es au terme d\u2019un atelier dont les r\u00e9sultats ont \u00e9t\u00e9 restitu\u00e9s jeudi \u00e0 Abidjan. Chacune de ces 12 fili\u00e8res et 93 [&hellip;]<\/p>\n","protected":false},"author":1965,"featured_media":0,"comment_status":"closed","ping_status":"closed","sticky":false,"template":"","format":"standard","meta":{"fifu_image_url":"","fifu_image_alt":"","footnotes":""},"categories":[73,82],"tags":[],"class_list":["post-114579","post","type-post","status-publish","format-standard","hentry","category-actualite","category-cameroun"],"_links":{"self":[{"href":"https:\/\/linitiative.ca\/International\/wp-json\/wp\/v2\/posts\/114579","targetHints":{"allow":["GET"]}}],"collection":[{"href":"https:\/\/linitiative.ca\/International\/wp-json\/wp\/v2\/posts"}],"about":[{"href":"https:\/\/linitiative.ca\/International\/wp-json\/wp\/v2\/types\/post"}],"author":[{"embeddable":true,"href":"https:\/\/linitiative.ca\/International\/wp-json\/wp\/v2\/users\/1965"}],"replies":[{"embeddable":true,"href":"https:\/\/linitiative.ca\/International\/wp-json\/wp\/v2\/comments?post=114579"}],"version-history":[{"count":0,"href":"https:\/\/linitiative.ca\/International\/wp-json\/wp\/v2\/posts\/114579\/revisions"}],"wp:attachment":[{"href":"https:\/\/linitiative.ca\/International\/wp-json\/wp\/v2\/media?parent=114579"}],"wp:term":[{"taxonomy":"category","embeddable":true,"href":"https:\/\/linitiative.ca\/International\/wp-json\/wp\/v2\/categories?post=114579"},{"taxonomy":"post_tag","embeddable":true,"href":"https:\/\/linitiative.ca\/International\/wp-json\/wp\/v2\/tags?post=114579"}],"curies":[{"name":"wp","href":"https:\/\/api.w.org\/{rel}","templated":true}]}}