{"id":114580,"date":"2021-04-08T17:18:02","date_gmt":"2021-04-08T21:18:02","guid":{"rendered":"https:\/\/linitiative.ca\/International\/lancement-a-abidjan-dun-film-documentaire-sur-le-paludisme-en-afrique\/"},"modified":"2021-04-08T17:18:02","modified_gmt":"2021-04-08T21:18:02","slug":"lancement-a-abidjan-dun-film-documentaire-sur-le-paludisme-en-afrique","status":"publish","type":"post","link":"https:\/\/linitiative.ca\/International\/lancement-a-abidjan-dun-film-documentaire-sur-le-paludisme-en-afrique\/","title":{"rendered":"Lancement \u00e0 Abidjan d\u2019un film documentaire sur le paludisme en Afrique"},"content":{"rendered":"<div readability=\"32\">\n<p>Publi\u00e9 le 08.04.2021 \u00e0 22h18 par APA News<\/p>\n<\/div>\n<div readability=\"122\">\n<p>Un film documentaire intitul\u00e9 \u00ab\u00a0Vaincre le paludisme\u00a0\u00bb, r\u00e9alis\u00e9 en Afrique et devant \u00eatre diffus\u00e9 le 20 avril 2021, cinq jours avant la Journ\u00e9e mondiale de la lutte contre le paludisme, a \u00e9t\u00e9 projet\u00e9 jeudi \u00e0 Abidjan.<\/p>\n<p>Ce film documentaire vise \u00e0 \u00ab\u00a0sensibiliser les communaut\u00e9s, les m\u00e9dias, le secteur priv\u00e9 pour vraiment nous assurer que le paludisme est prioris\u00e9\u00a0\u00bb, a dit Mme Yacine Diop Djibo, directrice ex\u00e9cutive et fondatrice de SpeakUpAfrica, une ONG qui a soutenu la r\u00e9alisation de cette production.\u00a0<\/p>\n<p>Pour Mme Yacine Diop Djibo, pr\u00e9sente lors de la projection du film, \u00ab\u00a0c\u2019est une maladie qu\u2019on peut \u00e9viter et qu\u2019 on peut gu\u00e9rir, parce qu\u2019 aujourd\u2019hui il est inacceptable qu\u2019 il y ait encore des personnes qui meurent du paludisme en Afrique et dans le monde\u00a0\u00bb.<\/p>\n<p>\u00ab\u00a0Vaincre le paludisme\u00a0\u00bb, le titre de ce film documentaire \u00ab\u00a0est cette id\u00e9e que nous avons de vraiment nous assurer qu\u2019 on va \u00e9liminer cette maladie l\u00e0\u00a0\u00bb, a-t-elle expliqu\u00e9, avant d\u2019ajouter \u00ab\u00a0on a vraiment besoin de tous pour pouvoir le faire\u00a0\u00bb.<\/p>\n<p>Dans ce film de 52 minutes qui sera diffus\u00e9 sur Canal+ le 20 avril 2021 , l\u2019on peut voir des experts sur cette maladie exer\u00e7ant dans des instituts de recherche, des acteurs du secteur priv\u00e9, des bailleurs, des champions communautaires, tel El Hadj Diouf, qui sensibilisent les populations.\u00a0<\/p>\n<p>Il a \u00e9t\u00e9 notamment tourn\u00e9 au Cameroun, au S\u00e9n\u00e9gal et au B\u00e9nin et met entre autres l\u2019accent sur des agents communautaires qui parcourent des milliers de kilom\u00e8tres chaque jour pour traiter les populations dans les zones les plus recul\u00e9es du pays.\u00a0<\/p>\n<p>\u00ab\u00a0A travers ce documentaire, on a vraiment voulu montrer tous les progr\u00e8s qui ont \u00e9t\u00e9 r\u00e9alis\u00e9s, mais \u00e9galement les d\u00e9fis qui nous restent \u00e0 relever avec un message positif pour dire que c\u2019est possible, il faut qu\u2019on unisse nos efforts et nos ressources pour pourvoir atteindre l\u2019objectif d\u2019\u00e9limination du paludisme\u00a0\u00bb, a-t-elle poursuivi.\u00a0<\/p>\n<p>Aujourd\u2019hui, dans le monde, l\u2019on enregistre 400.000 \u00a0d\u00e9c\u00e8s du paludisme par an, dont 90% sont en Afrique o\u00f9 on a une personne qui meurt toutes les deux minutes du paludisme \u00a0et qui impacte les femmes enceintes et les enfants en premier lieu.<\/p>\n<p>Des progr\u00e8s sont toutefois relev\u00e9s. En C\u00f4te d\u2019Ivoire, la mortalit\u00e9 a \u00e9t\u00e9 r\u00e9duite de 50% ces trois derni\u00e8res ann\u00e9es, cependant \u00ab\u00a0beaucoup d\u2019efforts restent encore \u00e0 faire, surtout au niveau de l\u2019utilisation des moustiquaires impr\u00e9gn\u00e9s\u00a0\u00bb, o\u00f9 l\u2019objectif vis\u00e9 est de 80% contre 63% actuellement.\u00a0<\/p>\n<p>Journaliste dans le documentaire, Maelle Ba, par ailleurs responsable communication strat\u00e9gique chez SpeakUpAfrica, a parcouru des localit\u00e9s pour \u00e9changer avec les victimes du paludisme dont les agents pathog\u00e8nes r\u00e9sistent parfois aux traitements. \u00a0<\/p>\n<p>La pand\u00e9mie de la Covid-19, fait-elle observer, est venue ralentir les campagnes de pr\u00e9vention. Selon l\u2019Organisation mondiale de la sant\u00e9, une recrudescence des cas de paludisme est \u00e0 craindre sur le continent africain et le nombre de d\u00e9c\u00e8s pourrait m\u00eame doubler en 2021.<\/p>\n<p>Le film a \u00e9t\u00e9 produit par Taxi-brousse production et r\u00e9alis\u00e9 par Cl\u00e9ment Alline. Pour le r\u00e9alisateur, les histoires sur le paludisme dans les zones tropicales et sah\u00e9liennes ne sont pas les m\u00eames, des approches qui permettront d\u2019avancer dans la lutte contre le palu et d\u2019uniformiser les moyens de d\u00e9pistage et de traitement.\u00a0<\/p>\n<\/div>\n<p>Auteur: APA News<br \/>\n<a href=\"https:\/\/www.journalducameroun.com\/lancement-a-abidjan-dun-film-documentaire-sur-le-paludisme-en-afrique\/\">Cliquez ici pour lire l&rsquo;article depuis sa source.<\/a><\/p>\n","protected":false},"excerpt":{"rendered":"<p>Publi\u00e9 le 08.04.2021 \u00e0 22h18 par APA News Un film documentaire intitul\u00e9 \u00ab\u00a0Vaincre le paludisme\u00a0\u00bb, r\u00e9alis\u00e9 en Afrique et devant \u00eatre diffus\u00e9 le 20 avril 2021, cinq jours avant la Journ\u00e9e mondiale de la lutte contre le paludisme, a \u00e9t\u00e9 projet\u00e9 jeudi \u00e0 Abidjan. Ce film documentaire vise \u00e0 \u00ab\u00a0sensibiliser les communaut\u00e9s, les m\u00e9dias, le [&hellip;]<\/p>\n","protected":false},"author":1965,"featured_media":0,"comment_status":"closed","ping_status":"closed","sticky":false,"template":"","format":"standard","meta":{"fifu_image_url":"","fifu_image_alt":"","footnotes":""},"categories":[73,82],"tags":[],"class_list":["post-114580","post","type-post","status-publish","format-standard","hentry","category-actualite","category-cameroun"],"_links":{"self":[{"href":"https:\/\/linitiative.ca\/International\/wp-json\/wp\/v2\/posts\/114580","targetHints":{"allow":["GET"]}}],"collection":[{"href":"https:\/\/linitiative.ca\/International\/wp-json\/wp\/v2\/posts"}],"about":[{"href":"https:\/\/linitiative.ca\/International\/wp-json\/wp\/v2\/types\/post"}],"author":[{"embeddable":true,"href":"https:\/\/linitiative.ca\/International\/wp-json\/wp\/v2\/users\/1965"}],"replies":[{"embeddable":true,"href":"https:\/\/linitiative.ca\/International\/wp-json\/wp\/v2\/comments?post=114580"}],"version-history":[{"count":0,"href":"https:\/\/linitiative.ca\/International\/wp-json\/wp\/v2\/posts\/114580\/revisions"}],"wp:attachment":[{"href":"https:\/\/linitiative.ca\/International\/wp-json\/wp\/v2\/media?parent=114580"}],"wp:term":[{"taxonomy":"category","embeddable":true,"href":"https:\/\/linitiative.ca\/International\/wp-json\/wp\/v2\/categories?post=114580"},{"taxonomy":"post_tag","embeddable":true,"href":"https:\/\/linitiative.ca\/International\/wp-json\/wp\/v2\/tags?post=114580"}],"curies":[{"name":"wp","href":"https:\/\/api.w.org\/{rel}","templated":true}]}}