{"id":114586,"date":"2021-04-09T10:20:10","date_gmt":"2021-04-09T14:20:10","guid":{"rendered":"https:\/\/linitiative.ca\/International\/artcurial-maroc-organise-une-vente-aux-encheres-a-marrakech-hommage-a-mohamed-melehi\/"},"modified":"2021-04-09T10:20:10","modified_gmt":"2021-04-09T14:20:10","slug":"artcurial-maroc-organise-une-vente-aux-encheres-a-marrakech-hommage-a-mohamed-melehi","status":"publish","type":"post","link":"https:\/\/linitiative.ca\/International\/artcurial-maroc-organise-une-vente-aux-encheres-a-marrakech-hommage-a-mohamed-melehi\/","title":{"rendered":"Artcurial Maroc organise une vente  aux ench\u00e8res \u00e0 Marrakech : Hommage \u00e0 Mohamed Melehi"},"content":{"rendered":"<header>\n<div class=\"entry-post-meta\">\n<div class=\"author-link\">Publi\u00e9 par <a itemprop=\"author\" itemscope=\"itemscope\" itemtype=\"https:\/\/schema.org\/Person\" href=\"https:\/\/aujourdhui.ma\/author\/blio\" rel=\"author\"><span itemprop=\"name\">ALM<\/span><\/a><\/div>\n<p>Date\u00a0:<time content=\"2021-04-09T15:20:10+01:00\" class=\"entry-date updated\" datetime=\"2021-04-09T15:20:10+01:00\">avril 09, 2021<\/time><\/p>\n<div class=\"entry-cat\">dans:<a href=\"https:\/\/aujourdhui.ma\/category\/culture\" rel=\"category tag\">Culture<\/a><\/div>\n<p>13Vues<\/p>\n<\/div>\n<\/header>\n<div class=\"entry-content clearfix\" readability=\"61\">\n<figure class=\"post-thumbnail\" itemprop=\"associatedMedia\" itemscope=\"itemscope\" itemtype=\"http:\/\/schema.org\/ImageObject\"><img decoding=\"async\" class=\"post_layout_5_img\" src=\"http:\/\/aujourdhui.ma\/wp-content\/uploads\/2021\/04\/Mohamed-Melihi.jpg\" alt=\"Artcurial Maroc organise une vente aux ench\u00e8res \u00e0 Marrakech : Hommage \u00e0 Mohamed Melehi\"\/><\/figure>\n<p><span class=\"c5\"><strong>Artcurial Maroc revient \u00e0 la ville ocre et organise une vente aux ench\u00e8res \u00e0 La Mamounia.<\/strong><\/span> <span id=\"more-373395\"\/><\/p>\n<p>Lors de cet \u00e9v\u00e8nement, pr\u00e9vu le 23 mai 2021, seront propos\u00e9es 11 \u0153uvres du grand artiste peintre Mohamed Melehi. \u00abCette vente rend hommage \u00e0 un grand artiste que nous avons malheureusement perdu l\u2019ann\u00e9e derni\u00e8re. Mohamed Melehi illustre la richesse du patrimoine national marocain. Il a su \u00e9tablir un dialogue entre art traditionnel et art contemporain. Les plafonds peints et les compositions en c\u00e8dre sont tr\u00e8s symboliques de son talent et de sa modernit\u00e9\u00bb, indique \u00e0 ce sujet Olivier Berman, directeur Artcurial Maroc. Ainsi, parmi les lots phares de cette vacation, deux plafonds peints et des compositions en bois de c\u00e8dre sculpt\u00e9, r\u00e9alis\u00e9s en 1969 par Mohamed Melehi pour l\u2019h\u00f4tel \u00abLes Roses du Dad\u00e8s\u00bb, \u00e0 Kelaat M\u2019gouna, au sud du Maroc. Des Moucharabieh et plafonniers de l\u2019artiste Mohamed Chebaa seront \u00e9galement propos\u00e9s. Fond\u00e9e en 2002, la maison de ventes aux ench\u00e8res Artcurial, bas\u00e9e \u00e0 Paris, conforte en 2020 sa place de premier plan sur le march\u00e9 de l\u2019art international.<\/p>\n<p>Avec 3 lieux de ventes \u00e0 Paris, Monaco et Marrakech, la maison totalise 149,2 millions d\u2019euros en volume de ventes en 2020. Elle couvre l\u2019ensemble du champ des grandes sp\u00e9cialit\u00e9s: des deaux-arts aux arts d\u00e9coratifs, automobiles de collection, joaillerie, horlogerie de collection, vins fins et spiritueux.<\/p>\n<\/div>\n<p>Auteur: ALM<br \/>\n<a href=\"https:\/\/aujourdhui.ma\/culture\/artcurial-maroc-organise-une-vente-aux-encheres-a-marrakech-hommage-a-mohamed-melehi\">Cliquez ici pour lire l&rsquo;article depuis sa source.<\/a><\/p>\n","protected":false},"excerpt":{"rendered":"<p>Publi\u00e9 par ALM Date\u00a0:avril 09, 2021 dans:Culture 13Vues Artcurial Maroc revient \u00e0 la ville ocre et organise une vente aux ench\u00e8res \u00e0 La Mamounia. Lors de cet \u00e9v\u00e8nement, pr\u00e9vu le 23 mai 2021, seront propos\u00e9es 11 \u0153uvres du grand artiste peintre Mohamed Melehi. \u00abCette vente rend hommage \u00e0 un grand artiste que nous avons malheureusement [&hellip;]<\/p>\n","protected":false},"author":1759,"featured_media":0,"comment_status":"closed","ping_status":"closed","sticky":false,"template":"","format":"standard","meta":{"fifu_image_url":"http:\/\/aujourdhui.ma\/wp-content\/uploads\/2021\/04\/Mohamed-Melihi.jpg","fifu_image_alt":"Artcurial Maroc organise une vente  aux ench\u00e8res \u00e0 Marrakech : Hommage \u00e0 Mohamed Melehi","footnotes":""},"categories":[73,54],"tags":[],"class_list":["post-114586","post","type-post","status-publish","format-standard","hentry","category-actualite","category-maroc"],"_links":{"self":[{"href":"https:\/\/linitiative.ca\/International\/wp-json\/wp\/v2\/posts\/114586","targetHints":{"allow":["GET"]}}],"collection":[{"href":"https:\/\/linitiative.ca\/International\/wp-json\/wp\/v2\/posts"}],"about":[{"href":"https:\/\/linitiative.ca\/International\/wp-json\/wp\/v2\/types\/post"}],"author":[{"embeddable":true,"href":"https:\/\/linitiative.ca\/International\/wp-json\/wp\/v2\/users\/1759"}],"replies":[{"embeddable":true,"href":"https:\/\/linitiative.ca\/International\/wp-json\/wp\/v2\/comments?post=114586"}],"version-history":[{"count":0,"href":"https:\/\/linitiative.ca\/International\/wp-json\/wp\/v2\/posts\/114586\/revisions"}],"wp:attachment":[{"href":"https:\/\/linitiative.ca\/International\/wp-json\/wp\/v2\/media?parent=114586"}],"wp:term":[{"taxonomy":"category","embeddable":true,"href":"https:\/\/linitiative.ca\/International\/wp-json\/wp\/v2\/categories?post=114586"},{"taxonomy":"post_tag","embeddable":true,"href":"https:\/\/linitiative.ca\/International\/wp-json\/wp\/v2\/tags?post=114586"}],"curies":[{"name":"wp","href":"https:\/\/api.w.org\/{rel}","templated":true}]}}