{"id":114587,"date":"2021-04-09T10:23:46","date_gmt":"2021-04-09T14:23:46","guid":{"rendered":"https:\/\/linitiative.ca\/International\/la-recole-et-la-commercialisation-des-coquillages-dimi-ouaddar-interdites\/"},"modified":"2021-04-09T10:23:46","modified_gmt":"2021-04-09T14:23:46","slug":"la-recole-et-la-commercialisation-des-coquillages-dimi-ouaddar-interdites","status":"publish","type":"post","link":"https:\/\/linitiative.ca\/International\/la-recole-et-la-commercialisation-des-coquillages-dimi-ouaddar-interdites\/","title":{"rendered":"La r\u00e9cole et la commercialisation des coquillages d\u2019Imi Ouaddar interdites"},"content":{"rendered":"<header>\n<\/header>\n<div class=\"entry-content clearfix\" readability=\"43\">\n<figure class=\"post-thumbnail\" itemprop=\"associatedMedia\" itemscope=\"itemscope\" itemtype=\"http:\/\/schema.org\/ImageObject\"><img decoding=\"async\" class=\"post_layout_5_img\" src=\"http:\/\/aujourdhui.ma\/wp-content\/uploads\/2019\/10\/coquillages.jpg\" alt=\"La r\u00e9cole et la commercialisation des coquillages d\u2019Imi Ouaddar interdites\"\/><\/figure>\n<p><span class=\"c5\"><strong><em>En raison de la pr\u00e9sence \u00e9lev\u00e9e de biotoxines marines<\/em><\/strong><strong>\u00a0<\/strong><\/span><span id=\"more-373428\"\/><\/p>\n<p>Le D\u00e9partement de la p\u00eache maritime a pris la d\u00e9cision d\u2019interdire la r\u00e9colte et la commercialisation des coquillages issus de la zone conchylicole class\u00e9e Imi Ouaddar relevant de la circonscription maritime d\u2019Agadir, et ce jusqu\u2019\u00e0 \u00e9puration totale du milieu. C\u2019est ce que d\u00e9voile un communiqu\u00e9 du Minist\u00e8re l\u2019Agriculture, de la p\u00eache maritime, du d\u00e9veloppement rural et des eaux et for\u00eats. En effet, cette mesure a \u00e9t\u00e9 prise sur la base des r\u00e9sultats d\u2019analyses effectu\u00e9es par l\u2019Institut national de recherche halieutique (INRH) au niveau de la zone conchylicole class\u00e9e Imi Ouaddar relevant de la circonscription maritime d\u2019Agadir qui ont d\u00e9not\u00e9 la pr\u00e9sence de biotoxines marines dans les coquillages \u00e0 des teneurs anormales. La tutelle recommande par ailleurs aux consommateurs de ne s\u2019approvisionner qu\u2019en produits conditionn\u00e9s, portant les \u00e9tiquettes sanitaires d\u2019identification et commercialis\u00e9s dans les points de vente autoris\u00e9s (march\u00e9s officiels). Il est \u00e0 pr\u00e9ciser que les coquillages colport\u00e9s ou vendus en vrac ne pr\u00e9sentent aucune garantie de salubrit\u00e9 et constituent un danger pour la sant\u00e9 publique, conclut le communiqu\u00e9.<\/p>\n<\/div>\n<p>Auteur: ALM<br \/>\n<a href=\"https:\/\/aujourdhui.ma\/actualite\/la-recole-et-la-commercialisation-des-coquillages-dimi-ouaddar-interdites\">Cliquez ici pour lire l&rsquo;article depuis sa source.<\/a><\/p>\n","protected":false},"excerpt":{"rendered":"<p>En raison de la pr\u00e9sence \u00e9lev\u00e9e de biotoxines marines\u00a0 Le D\u00e9partement de la p\u00eache maritime a pris la d\u00e9cision d\u2019interdire la r\u00e9colte et la commercialisation des coquillages issus de la zone conchylicole class\u00e9e Imi Ouaddar relevant de la circonscription maritime d\u2019Agadir, et ce jusqu\u2019\u00e0 \u00e9puration totale du milieu. C\u2019est ce que d\u00e9voile un communiqu\u00e9 du [&hellip;]<\/p>\n","protected":false},"author":1759,"featured_media":0,"comment_status":"closed","ping_status":"closed","sticky":false,"template":"","format":"standard","meta":{"fifu_image_url":"http:\/\/aujourdhui.ma\/wp-content\/uploads\/2019\/10\/coquillages.jpg","fifu_image_alt":"La r\u00e9cole et la commercialisation des coquillages d\u2019Imi Ouaddar interdites","footnotes":""},"categories":[73,54],"tags":[],"class_list":["post-114587","post","type-post","status-publish","format-standard","hentry","category-actualite","category-maroc"],"_links":{"self":[{"href":"https:\/\/linitiative.ca\/International\/wp-json\/wp\/v2\/posts\/114587","targetHints":{"allow":["GET"]}}],"collection":[{"href":"https:\/\/linitiative.ca\/International\/wp-json\/wp\/v2\/posts"}],"about":[{"href":"https:\/\/linitiative.ca\/International\/wp-json\/wp\/v2\/types\/post"}],"author":[{"embeddable":true,"href":"https:\/\/linitiative.ca\/International\/wp-json\/wp\/v2\/users\/1759"}],"replies":[{"embeddable":true,"href":"https:\/\/linitiative.ca\/International\/wp-json\/wp\/v2\/comments?post=114587"}],"version-history":[{"count":0,"href":"https:\/\/linitiative.ca\/International\/wp-json\/wp\/v2\/posts\/114587\/revisions"}],"wp:attachment":[{"href":"https:\/\/linitiative.ca\/International\/wp-json\/wp\/v2\/media?parent=114587"}],"wp:term":[{"taxonomy":"category","embeddable":true,"href":"https:\/\/linitiative.ca\/International\/wp-json\/wp\/v2\/categories?post=114587"},{"taxonomy":"post_tag","embeddable":true,"href":"https:\/\/linitiative.ca\/International\/wp-json\/wp\/v2\/tags?post=114587"}],"curies":[{"name":"wp","href":"https:\/\/api.w.org\/{rel}","templated":true}]}}