{"id":114590,"date":"2021-04-08T14:00:50","date_gmt":"2021-04-08T18:00:50","guid":{"rendered":"https:\/\/linitiative.ca\/International\/%ef%bb%bfle-centre-hospitalier-regional-dispensera-une-offre-medicale-complete\/"},"modified":"2021-04-08T14:00:50","modified_gmt":"2021-04-08T18:00:50","slug":"%ef%bb%bfle-centre-hospitalier-regional-dispensera-une-offre-medicale-complete","status":"publish","type":"post","link":"https:\/\/linitiative.ca\/International\/%ef%bb%bfle-centre-hospitalier-regional-dispensera-une-offre-medicale-complete\/","title":{"rendered":"\ufeffLe Centre hospitalier r\u00e9gional dispensera une offre m\u00e9dicale compl\u00e8te"},"content":{"rendered":"<p class=\"has-text-color has-vivid-red-color c1\"><strong>Guelmim<\/strong><\/p>\n<p class=\"has-text-color has-vivid-cyan-blue-color\">Le Centre hospitalier r\u00e9gional de Guelmim dispensera une offre m\u00e9dicale compl\u00e8te et am\u00e9liorera les services de soins dans la r\u00e9gion de Guelmim-Oued Noun, a soulign\u00e9, mercredi \u00e0 Guelmim, le ministre de la Sant\u00e9, Khalid Ait Taleb.<\/p>\n<p>Lors d\u2019une visite de terrain \u00e0 cet \u00e9tablissement, M. Ait Taleb a indiqu\u00e9 que ce projet phare, qui sera achev\u00e9 d\u2019ici 2023, va garantir l\u2019hospitalisation, la formation du personnel infirmier, la sant\u00e9 mentale et les maladies psychiques, dans la perspective de renforcer davantage l\u2019offre de sant\u00e9 dans la r\u00e9gion.<\/p>\n<p>Dans une d\u00e9claration \u00e0 la presse, il a not\u00e9 que cette visite a pour but de s\u2019arr\u00eater sur l\u2019\u00e9tat d\u2019avancement de ce projet, \u00ab\u00a0en vue de pallier les carences et am\u00e9liorer la qualit\u00e9 des soins, pour que ce Centre hospitalier soit en phase avec le d\u00e9veloppement dans le domaine de la sant\u00e9 et des technologies de la sant\u00e9\u00a0\u00bb.<\/p>\n<p>Cet h\u00f4pital sera un espace de formation universitaire en m\u00e9decine, afin de concr\u00e9tiser une approche r\u00e9gionale dans le secteur de la sant\u00e9, a expliqu\u00e9 le ministre, qui a \u00e9t\u00e9 accompagn\u00e9 du wali de la r\u00e9gion de Guelmim-Oued Noun, gouverneur de la province de Guelmim, Mohamed Najem Abhay, du directeur r\u00e9gional de la Sant\u00e9, Said Boujelaba, et de la pr\u00e9sidente du conseil r\u00e9gional de Guelmim-Oued Noun, Mbarka Bouaida.<\/p>\n<p>De m\u00eame, le ministre a visit\u00e9 le chantier de construction de l\u2019Institut sup\u00e9rieur des professions infirmi\u00e8res et techniques de sant\u00e9 (ISPITS), dont les travaux ont atteint 80 %. Erig\u00e9 sur une superficie globale estim\u00e9e \u00e0 2 Ha, ce projet a n\u00e9cessit\u00e9 la mobilisation d\u2019une enveloppe budg\u00e9taire de 25 millions Dh (MDH).<\/p>\n<p>Par ailleurs, M. Ait Taleb a visit\u00e9 le Centre urbain de vaccination contre la Covid-19 et l\u2019h\u00f4pital provincial Hassan II \u00e0 Tan-Tan, en pr\u00e9sence notamment du gouverneur de la province, Abdelatif Chadli, dans le cadre du suivi du d\u00e9roulement de la campagne nationale de vaccination contre la Covid-19.<\/p>\n<p>Par la m\u00eame occasion, des explications ont \u00e9t\u00e9 pr\u00e9sent\u00e9es \u00e0 M. Ait Taleb sur cette campagne de vaccination et sur la situation \u00e9pid\u00e9miologique au niveau provincial.<\/p>\n<p>Quelque 6.758 personnes se sont vues administrer la premi\u00e8re dose du vaccin anti-Covid dans la province alors que le nombre des personnes ayant re\u00e7u la deuxi\u00e8me dose s\u2019\u00e9l\u00e8ve \u00e0 5.960 jusqu\u2019\u00e0 le 5 avril, selon des donn\u00e9es fournies \u00e0 la d\u00e9l\u00e9gation.<\/p>\n<p>Dans ce contexte, M. Ait Taleb a salu\u00e9 les efforts d\u00e9ploy\u00e9s par les autorit\u00e9s sanitaires dans la province pour assurer le bon d\u00e9roulement de l\u2019op\u00e9ration de vaccination.<\/p>\n<p>Dans une d\u00e9claration \u00e0 la presse, M. Ait Taleb a indiqu\u00e9 que le Maroc a fait face \u00e0 l\u2019\u00e9pid\u00e9mie \u00ab\u00a0avec abn\u00e9gation\u00a0\u00bb, gr\u00e2ce aux Hautes directives de SM le Roi Mohammed VI et aux efforts des cadres de sant\u00e9, relevant que cette campagne anticipative a \u00e9t\u00e9 largement salu\u00e9e par les observateurs \u00e0 l\u2019\u00e9chelle internationale.<\/p>\n<p>L\u2019op\u00e9ration de vaccination se d\u00e9roule \u00ab\u00a0dans des conditions optimales\u00a0\u00bb, a-t-il poursuivi, ajoutant que cette campagne se poursuit dans l\u2019optique d\u2019atteindre une immunit\u00e9 collective dans les brefs d\u00e9lais.<\/p>\n<p>Apr\u00e8s avoir rappel\u00e9 que cette visite \u00e0 la province de Tan-Tan se co\u00efncide avec la c\u00e9l\u00e9bration de la Journ\u00e9e internationale de la sant\u00e9 et apr\u00e8s une ann\u00e9e de la gestion de cette pand\u00e9mie et l\u2019apparition de la 3\u00e9me vague de ce virus, M. Ait Taleb a soulign\u00e9 la n\u00e9cessit\u00e9 de pr\u00e9server le syst\u00e8me de sant\u00e9, \u00e9tant donn\u00e9 que cette pand\u00e9mie a eu des impacts \u00e9conomiques et sociaux n\u00e9gatifs au niveau mondial.<\/p>\n<p>Auteur: M&rsquo;hammed rahal<br \/>\n<a href=\"http:\/\/albayane.press.ma\/%EF%BB%BFle-centre-hospitalier-regional-dispensera-une-offre-medicale-complete.html\">Cliquez ici pour lire l&rsquo;article depuis sa source.<\/a><\/p>\n","protected":false},"excerpt":{"rendered":"<p>Guelmim Le Centre hospitalier r\u00e9gional de Guelmim dispensera une offre m\u00e9dicale compl\u00e8te et am\u00e9liorera les services de soins dans la r\u00e9gion de Guelmim-Oued Noun, a soulign\u00e9, mercredi \u00e0 Guelmim, le ministre de la Sant\u00e9, Khalid Ait Taleb. Lors d\u2019une visite de terrain \u00e0 cet \u00e9tablissement, M. Ait Taleb a indiqu\u00e9 que ce projet phare, qui [&hellip;]<\/p>\n","protected":false},"author":1760,"featured_media":0,"comment_status":"closed","ping_status":"closed","sticky":false,"template":"","format":"standard","meta":{"fifu_image_url":"","fifu_image_alt":"","footnotes":""},"categories":[73,54],"tags":[],"class_list":["post-114590","post","type-post","status-publish","format-standard","hentry","category-actualite","category-maroc"],"_links":{"self":[{"href":"https:\/\/linitiative.ca\/International\/wp-json\/wp\/v2\/posts\/114590","targetHints":{"allow":["GET"]}}],"collection":[{"href":"https:\/\/linitiative.ca\/International\/wp-json\/wp\/v2\/posts"}],"about":[{"href":"https:\/\/linitiative.ca\/International\/wp-json\/wp\/v2\/types\/post"}],"author":[{"embeddable":true,"href":"https:\/\/linitiative.ca\/International\/wp-json\/wp\/v2\/users\/1760"}],"replies":[{"embeddable":true,"href":"https:\/\/linitiative.ca\/International\/wp-json\/wp\/v2\/comments?post=114590"}],"version-history":[{"count":0,"href":"https:\/\/linitiative.ca\/International\/wp-json\/wp\/v2\/posts\/114590\/revisions"}],"wp:attachment":[{"href":"https:\/\/linitiative.ca\/International\/wp-json\/wp\/v2\/media?parent=114590"}],"wp:term":[{"taxonomy":"category","embeddable":true,"href":"https:\/\/linitiative.ca\/International\/wp-json\/wp\/v2\/categories?post=114590"},{"taxonomy":"post_tag","embeddable":true,"href":"https:\/\/linitiative.ca\/International\/wp-json\/wp\/v2\/tags?post=114590"}],"curies":[{"name":"wp","href":"https:\/\/api.w.org\/{rel}","templated":true}]}}