{"id":114591,"date":"2021-04-08T14:00:51","date_gmt":"2021-04-08T18:00:51","guid":{"rendered":"https:\/\/linitiative.ca\/International\/%ef%bb%bfle-monde-face-au-defi-dune-reprise-post-pandemie-plus-equitable\/"},"modified":"2021-04-08T14:00:51","modified_gmt":"2021-04-08T18:00:51","slug":"%ef%bb%bfle-monde-face-au-defi-dune-reprise-post-pandemie-plus-equitable","status":"publish","type":"post","link":"https:\/\/linitiative.ca\/International\/%ef%bb%bfle-monde-face-au-defi-dune-reprise-post-pandemie-plus-equitable\/","title":{"rendered":"\ufeffLe monde face au d\u00e9fi d\u2019une reprise post-pand\u00e9mie plus \u00e9quitable"},"content":{"rendered":"<p class=\"has-text-color has-vivid-cyan-blue-color c1\"><strong>Kristalina Georgieva, Directrice g\u00e9n\u00e9rale du Fonds mon\u00e9taire international\u00a0<\/strong><\/p>\n<p class=\"c2\"><strong>Par Omar ACHY \u2013 MAP<\/strong><\/p>\n<p><strong>\u00ab\u00a0La bonne nouvelle, c\u2019est qu\u2019il y a de la lumi\u00e8re au bout du tunnel. Apr\u00e8s la pire r\u00e9cession mondiale depuis la seconde guerre mondiale, la reprise est en marche\u00a0\u00bb. Ces propos de la Directrice g\u00e9n\u00e9rale du Fonds mon\u00e9taire international (FMI), Kristalina Georgieva, entendent instiller une bonne dose d\u2019optimisme \u00e0 l\u2019heure o\u00f9 le monde tente de sortir la t\u00eate de l\u2019eau apr\u00e8s une crise sanitaire sans pr\u00e9c\u00e9dent et qui persiste encore.<\/strong><\/p>\n<p>Cependant, il s\u2019agit bien d\u2019un optimisme prudent. Les projections de croissances sont certes fortes et meilleures que pr\u00e9vues mais la reprise est \u00e0 multiples vitesses.<br \/>Les pays moins nantis sont \u00e0 la tra\u00eene et l\u2019\u00e9cart avec les riches risque davantage de se creuser alors que l\u2019incertitude reste \u00ab\u00a0extr\u00eamement \u00e9lev\u00e9e\u00a0\u00bb sur l\u2019impact des nouvelles souches de virus et des changements potentiels dans les conditions financi\u00e8res.<\/p>\n<p>Sur le front des bonnes nouvelles, le FMI a r\u00e9vis\u00e9 \u00e0 la hausse ses pr\u00e9visions de croissance mondiale \u00e0 6% pour cette ann\u00e9e et \u00e0 4,4% en 2022.<\/p>\n<p>De meilleures perspectives attribu\u00e9es aux avanc\u00e9es de la vaccination et \u00e0 un soutien politique suppl\u00e9mentaire, en particulier aux \u00c9tats-Unis, outre les actions exceptionnelles et coordonn\u00e9es prises au cours de l\u2019ann\u00e9e \u00e9coul\u00e9e.<\/p>\n<p>\u00ab\u00a0Sans ces mesures fiscales et mon\u00e9taires, la contraction mondiale de l\u2019ann\u00e9e derni\u00e8re aurait \u00e9t\u00e9 trois fois pire \u2013 cela aurait pu \u00eatre une autre grande d\u00e9pression\u00a0\u00bb, s\u2019est r\u00e9jouie la directrice g\u00e9n\u00e9rale du FMI lors d\u2019un point de presse mercredi \u00e0 l\u2019occasion des R\u00e9unions annuelles FMI-Banque Mondiale.<\/p>\n<p>Sauf que les situations d\u2019un pays \u00e0 l\u2019autre et m\u00eame au sein d\u2019un m\u00eame pays \u00ab\u00a0divergent dangereusement\u00a0\u00bb, pr\u00e9vient-elle.<\/p>\n<p>\u00ab\u00a0Nous sommes \u00e9galement confront\u00e9s \u00e0 une incertitude extr\u00eamement \u00e9lev\u00e9e, en particulier sur l\u2019impact des nouvelles souches de virus et des changements potentiels dans les conditions financi\u00e8res. Et il y a le risque de nouvelles s\u00e9quelles \u00e9conomiques dues aux pertes d\u2019emplois, aux pertes d\u2019apprentissage, aux faillites, \u00e0 l\u2019extr\u00eame pauvret\u00e9 et \u00e0 la faim\u00a0\u00bb, a-t-elle encore pr\u00e9venu.<\/p>\n<p>Face \u00e0 cette situation encore fragile pour la grande majorit\u00e9, un \u00ab\u00a0agenda politique mondial\u00a0\u00bb, d\u00e9voil\u00e9 ce mercredi dans le cadre de ce forum, met en \u00e9vidence trois priorit\u00e9s.<\/p>\n<p>Sur le front de la vaccination, l\u2019heure est \u00e0 l\u2019acc\u00e9l\u00e9ration de la production et la distribution parall\u00e8lement \u00e0 la lev\u00e9e des contr\u00f4les \u00e0 l\u2019exportation. L\u2019acc\u00e8s \u00e9quitable aux vaccins est en effet primordial pour atteindre l\u2019immunit\u00e9 collective mondiale.<\/p>\n<p>\u00ab\u00a0Cela signifie \u00e9galement financer enti\u00e8rement l\u2019installation COVAX et veiller \u00e0 ce que les vaccins exc\u00e9dentaires soient transf\u00e9r\u00e9s vers les pays les plus pauvres. La politique vaccinale est une politique \u00e9conomique! Des progr\u00e8s plus rapides pour mettre fin \u00e0 la crise sanitaire pourraient ajouter pr\u00e8s de 9 milliards de dollars au PIB mondial d\u2019ici 2025\u00a0\u00bb, souligne le FMI.<\/p>\n<p>La deuxi\u00e8me recommandation porte sur l\u2019aide \u00e0 une reprise avec le soutien aux m\u00e9nages vuln\u00e9rables et aux entreprises. \u00ab\u00a0Cela n\u00e9cessite des mesures fiscales cibl\u00e9es et le maintien de conditions financi\u00e8res favorables\u00a0\u00bb, souligne la DG du FMI.<\/p>\n<p>Et compte tenu des reprises divergentes, \u00ab\u00a0nous avons besoin \u00e0 la fois d\u2019une communication prudente de la part des principales banques centrales et de politiques prudentes dans les pays \u00e9mergents et en d\u00e9veloppement pour minimiser les retomb\u00e9es financi\u00e8res n\u00e9fastes\u00a0\u00bb, insiste-t-elle.<\/p>\n<p>Pour pr\u00e9parer l\u2019apr\u00e8s crise, \u00ab\u00a0l\u2019accent doit \u00eatre mis sur l\u2019augmentation des investissements publics \u2013 dans les projets verts et les infrastructures num\u00e9riques, dans la sant\u00e9 et l\u2019\u00e9ducation des populations \u2013 afin de garantir que chacun puisse b\u00e9n\u00e9ficier de la transformation historique vers des \u00e9conomies plus vertes, plus intelligentes et plus inclusives\u00a0\u00bb.<\/p>\n<p>A cet effet, le FMI revient sur l\u2019importance d\u2019une fiscalit\u00e9 plus \u00e9quitable aussi bien pour les particuliers que pour les entreprises partout dans le monde.<\/p>\n<p>\u00ab\u00a0Dans de nombreux cas, cela signifiera une imposition plus progressive et un accord international sur des questions telles que la fiscalit\u00e9 minimale des entreprises\u00a0\u00bb, indique-t-on.<\/p>\n<p>Afin de juguler l\u2019\u00e9cart entre pays nantis et pays pauvres, qui ne cesse de se creuser avec la crise li\u00e9e \u00e0 la pand\u00e9mie, un soutien plus important aux pays les plus pauvres est jug\u00e9 primordial.<\/p>\n<p>\u00ab\u00a0Les pays \u00e0 faible revenu doivent d\u00e9ployer quelque 450 milliards de dollars au cours des cinq prochaines ann\u00e9es. Dans le cadre d\u2019un effort global, ils ont besoin de plus de mobilisation des recettes int\u00e9rieures \u2013 mais aussi de plus de financements concessionnels ext\u00e9rieurs et de plus d\u2019aide pour faire face \u00e0 la dette\u00a0\u00bb, rappelle la cheffe de l\u2019institution financi\u00e8re internationale.<\/p>\n<p>Jusqu\u2019\u00e0 pr\u00e9sent, le FMI a accord\u00e9 des pr\u00eats \u00e0 86 pays avec plus de 110 milliards de dollars, \u00e0 travers divers instruments. Pour l\u2019Afrique subsaharienne, ces pr\u00eats ont \u00e9t\u00e9 13 fois sup\u00e9rieurs \u00e0 la moyenne annuelle de la d\u00e9cennie pr\u00e9c\u00e9dente.<\/p>\n<p>Le Fonds compte proposer une nouvelle allocation de 650 milliards de dollars de DTS (Droits de tirage sp\u00e9ciaux) pour aider \u00e0 r\u00e9pondre au besoin mondial \u00e0 long terme, en particulier pour les plus vuln\u00e9rables.<\/p>\n<p>Auteur: M&rsquo;hammed rahal<br \/>\n<a href=\"http:\/\/albayane.press.ma\/%EF%BB%BFle-monde-face-au-defi-dune-reprise-post-pandemie-plus-equitable.html\">Cliquez ici pour lire l&rsquo;article depuis sa source.<\/a><\/p>\n","protected":false},"excerpt":{"rendered":"<p>Kristalina Georgieva, Directrice g\u00e9n\u00e9rale du Fonds mon\u00e9taire international\u00a0 Par Omar ACHY \u2013 MAP \u00ab\u00a0La bonne nouvelle, c\u2019est qu\u2019il y a de la lumi\u00e8re au bout du tunnel. Apr\u00e8s la pire r\u00e9cession mondiale depuis la seconde guerre mondiale, la reprise est en marche\u00a0\u00bb. Ces propos de la Directrice g\u00e9n\u00e9rale du Fonds mon\u00e9taire international (FMI), Kristalina Georgieva, [&hellip;]<\/p>\n","protected":false},"author":1760,"featured_media":0,"comment_status":"closed","ping_status":"closed","sticky":false,"template":"","format":"standard","meta":{"fifu_image_url":"","fifu_image_alt":"","footnotes":""},"categories":[73,54],"tags":[],"class_list":["post-114591","post","type-post","status-publish","format-standard","hentry","category-actualite","category-maroc"],"_links":{"self":[{"href":"https:\/\/linitiative.ca\/International\/wp-json\/wp\/v2\/posts\/114591","targetHints":{"allow":["GET"]}}],"collection":[{"href":"https:\/\/linitiative.ca\/International\/wp-json\/wp\/v2\/posts"}],"about":[{"href":"https:\/\/linitiative.ca\/International\/wp-json\/wp\/v2\/types\/post"}],"author":[{"embeddable":true,"href":"https:\/\/linitiative.ca\/International\/wp-json\/wp\/v2\/users\/1760"}],"replies":[{"embeddable":true,"href":"https:\/\/linitiative.ca\/International\/wp-json\/wp\/v2\/comments?post=114591"}],"version-history":[{"count":0,"href":"https:\/\/linitiative.ca\/International\/wp-json\/wp\/v2\/posts\/114591\/revisions"}],"wp:attachment":[{"href":"https:\/\/linitiative.ca\/International\/wp-json\/wp\/v2\/media?parent=114591"}],"wp:term":[{"taxonomy":"category","embeddable":true,"href":"https:\/\/linitiative.ca\/International\/wp-json\/wp\/v2\/categories?post=114591"},{"taxonomy":"post_tag","embeddable":true,"href":"https:\/\/linitiative.ca\/International\/wp-json\/wp\/v2\/tags?post=114591"}],"curies":[{"name":"wp","href":"https:\/\/api.w.org\/{rel}","templated":true}]}}