{"id":114592,"date":"2021-04-08T14:00:55","date_gmt":"2021-04-08T18:00:55","guid":{"rendered":"https:\/\/linitiative.ca\/International\/%ef%bb%bfchelsea-souvre-grand-la-voie-des-demies-en-battant-porto\/"},"modified":"2021-04-08T14:00:55","modified_gmt":"2021-04-08T18:00:55","slug":"%ef%bb%bfchelsea-souvre-grand-la-voie-des-demies-en-battant-porto","status":"publish","type":"post","link":"https:\/\/linitiative.ca\/International\/%ef%bb%bfchelsea-souvre-grand-la-voie-des-demies-en-battant-porto\/","title":{"rendered":"\ufeffChelsea s\u2019ouvre grand la voie des demies en battant Porto"},"content":{"rendered":"<p class=\"has-text-color has-vivid-red-color c1\"><strong>Ligue des Champions<\/strong><\/p>\n<p><strong>Chelsea, distanc\u00e9 pour le titre en Premier League, a fait un grand pas vers les demi-finales de la Ligue des champions en gagnant 2 \u00e0 0 mercredi contre Porto, dans un quart aller d\u00e9localis\u00e9 \u00e0 S\u00e9ville en raison des restrictions sanitaires au Portugal.<\/strong><\/p>\n<p>Le jeune milieu offensif Mason Mount a marqu\u00e9 le premier but, compt\u00e9 comme \u00e0 l\u2019ext\u00e9rieur, avant que Ben Chilwell fasse le break en fin de rencontre. Ces r\u00e9alisations placent les Blues en tr\u00e8s bonne position pour retrouver le dernier carr\u00e9 de la C1, ce qui constituerait une premi\u00e8re depuis 2014.<\/p>\n<p>Apr\u00e8s sa lourde et inattendue d\u00e9faite face \u00e0 West Bromwich Albion ce week-end en Premier League (5-2), Chelsea a su se remettre \u00e0 l\u2019endroit en signant un match plein d\u2019opportunisme \u00e0 d\u00e9faut d\u2019\u00eatre convaincant et spectaculaire.<\/p>\n<p>A la 32e minute, Jorginho a trouv\u00e9 une ouverture dans le bloc compact du FC Porto et lanc\u00e9 le jeune Mount (22 ans) dans la surface.<\/p>\n<p>L\u2019international anglais, pr\u00e9f\u00e9r\u00e9 \u00e0 <strong>Hakim Ziyech<\/strong> dans le onze de d\u00e9part, a alors effac\u00e9 son opposant Zaidu Sanusi d\u2019un contr\u00f4le orient\u00e9 du gauche, avant d\u2019encha\u00eener par une frappe crois\u00e9e du droit, \u00e0 ras de terre, pour le premier but de sa carri\u00e8re en Ligue des champions\u2026 sur l\u2019unique tir des Blues en premi\u00e8re p\u00e9riode (1-0, 32e).<\/p>\n<p>A cinq minutes de la fin du temps r\u00e9glementaire, Chilwell, autre surprise de la composition initiale, a intercept\u00e9 un ballon mal contr\u00f4l\u00e9 par Jesus Corona, fil\u00e9 dans la surface et effac\u00e9 le gardien de Porto, Agustin Marchesin, pour marquer dans le but vide (2-0, 85e).<\/p>\n<p>Les entr\u00e9es des d\u00e9fensifs N\u2019Golo Kant\u00e9 (80e) et Thiago Silva (81e) ont apport\u00e9 davantage de s\u00e9r\u00e9nit\u00e9 aux Londoniens, ce qui s\u2019est mat\u00e9rialis\u00e9 par une frappe de Christian Pulisic sur la barre transversale (84e) puis le but crucial de Chilwell.<\/p>\n<p>Dans une semaine, le match retour se jouera encore au stade Sanchez-Pizjuan du S\u00e9ville FC, pour les m\u00eames raisons: les restrictions sanitaires li\u00e9es au Covid-19, entre le Portugal et le Royaume-Uni.<\/p>\n<p>AFP<\/p>\n<p>Auteur: M&rsquo;hammed rahal<br \/>\n<a href=\"http:\/\/albayane.press.ma\/%EF%BB%BFchelsea-souvre-grand-la-voie-des-demies-en-battant-porto.html\">Cliquez ici pour lire l&rsquo;article depuis sa source.<\/a><\/p>\n","protected":false},"excerpt":{"rendered":"<p>Ligue des Champions Chelsea, distanc\u00e9 pour le titre en Premier League, a fait un grand pas vers les demi-finales de la Ligue des champions en gagnant 2 \u00e0 0 mercredi contre Porto, dans un quart aller d\u00e9localis\u00e9 \u00e0 S\u00e9ville en raison des restrictions sanitaires au Portugal. Le jeune milieu offensif Mason Mount a marqu\u00e9 le [&hellip;]<\/p>\n","protected":false},"author":1760,"featured_media":0,"comment_status":"closed","ping_status":"closed","sticky":false,"template":"","format":"standard","meta":{"fifu_image_url":"","fifu_image_alt":"","footnotes":""},"categories":[73,54],"tags":[],"class_list":["post-114592","post","type-post","status-publish","format-standard","hentry","category-actualite","category-maroc"],"_links":{"self":[{"href":"https:\/\/linitiative.ca\/International\/wp-json\/wp\/v2\/posts\/114592","targetHints":{"allow":["GET"]}}],"collection":[{"href":"https:\/\/linitiative.ca\/International\/wp-json\/wp\/v2\/posts"}],"about":[{"href":"https:\/\/linitiative.ca\/International\/wp-json\/wp\/v2\/types\/post"}],"author":[{"embeddable":true,"href":"https:\/\/linitiative.ca\/International\/wp-json\/wp\/v2\/users\/1760"}],"replies":[{"embeddable":true,"href":"https:\/\/linitiative.ca\/International\/wp-json\/wp\/v2\/comments?post=114592"}],"version-history":[{"count":0,"href":"https:\/\/linitiative.ca\/International\/wp-json\/wp\/v2\/posts\/114592\/revisions"}],"wp:attachment":[{"href":"https:\/\/linitiative.ca\/International\/wp-json\/wp\/v2\/media?parent=114592"}],"wp:term":[{"taxonomy":"category","embeddable":true,"href":"https:\/\/linitiative.ca\/International\/wp-json\/wp\/v2\/categories?post=114592"},{"taxonomy":"post_tag","embeddable":true,"href":"https:\/\/linitiative.ca\/International\/wp-json\/wp\/v2\/tags?post=114592"}],"curies":[{"name":"wp","href":"https:\/\/api.w.org\/{rel}","templated":true}]}}