{"id":114594,"date":"2021-04-08T14:00:59","date_gmt":"2021-04-08T18:00:59","guid":{"rendered":"https:\/\/linitiative.ca\/International\/%ef%bb%bfceremonie-de-remise-des-prix-du-concours-de-design\/"},"modified":"2021-04-08T14:00:59","modified_gmt":"2021-04-08T18:00:59","slug":"%ef%bb%bfceremonie-de-remise-des-prix-du-concours-de-design","status":"publish","type":"post","link":"https:\/\/linitiative.ca\/International\/%ef%bb%bfceremonie-de-remise-des-prix-du-concours-de-design\/","title":{"rendered":"\ufeffC\u00e9r\u00e9monie de remise des prix du concours de design"},"content":{"rendered":"<p class=\"c1\"><strong>Fondation de Sal\u00e9 pour la Culture et les Arts\u00a0:<\/strong><\/p>\n<p><strong>La Fondation de Sal\u00e9 pour la Culture et les Arts organise le 10 avril prochain \u00e0 Sal\u00e9 la c\u00e9r\u00e9monie de la remise des prix du concours sur la conception artistique d\u2019une sculpture m\u00e9tallique\u00a0 monumentale inspir\u00e9e des tourelles de cierges.<\/strong><\/p>\n<p>Les 19 projets en comp\u00e9tition, \u0153uvres cr\u00e9atives de 18 designers, artistes et \u00e9tudiants en architecture, issus d\u2019Agadir, Casablanca, F\u00e8s, Kenitra, Rabat et T\u00e9touan, ont \u00e9t\u00e9 examin\u00e9s par un jury pr\u00e9sid\u00e9 par Mohamed Lotfi M\u2019rini et compos\u00e9 de Imane Bennani, directrice de l\u2019Ecole Sup\u00e9rieure d\u2019Architecture de l\u2019Universit\u00e9 internationale de Rabat, Rachid Andaloussi, Architecte, Fai\u00e7al Cherradi, Ing\u00e9nieur-Architecte et Yasser Hassouni, ing\u00e9nieur-Directeur de soci\u00e9t\u00e9.<\/p>\n<p>Il est \u00e0 rappeler que le concours est dot\u00e9 de de 3 Prix : 15.000 DH pour le premier prix, 10.000 DH pour le second et 7.000 DH pour le troisi\u00e8me et, que le projet retenu sera propos\u00e9 et r\u00e9alis\u00e9 par la Fondation de Sal\u00e9 pour la culture et les arts pour devenir le mobilier urbain qui symbolise l\u2019identit\u00e9 de la ville.<\/p>\n<p>Auteur: M&rsquo;hammed rahal<br \/>\n<a href=\"http:\/\/albayane.press.ma\/%EF%BB%BFceremonie-de-remise-des-prix-du-concours-de-design.html\">Cliquez ici pour lire l&rsquo;article depuis sa source.<\/a><\/p>\n","protected":false},"excerpt":{"rendered":"<p>Fondation de Sal\u00e9 pour la Culture et les Arts\u00a0: La Fondation de Sal\u00e9 pour la Culture et les Arts organise le 10 avril prochain \u00e0 Sal\u00e9 la c\u00e9r\u00e9monie de la remise des prix du concours sur la conception artistique d\u2019une sculpture m\u00e9tallique\u00a0 monumentale inspir\u00e9e des tourelles de cierges. Les 19 projets en comp\u00e9tition, \u0153uvres cr\u00e9atives [&hellip;]<\/p>\n","protected":false},"author":1760,"featured_media":0,"comment_status":"closed","ping_status":"closed","sticky":false,"template":"","format":"standard","meta":{"fifu_image_url":"","fifu_image_alt":"","footnotes":""},"categories":[73,54],"tags":[],"class_list":["post-114594","post","type-post","status-publish","format-standard","hentry","category-actualite","category-maroc"],"_links":{"self":[{"href":"https:\/\/linitiative.ca\/International\/wp-json\/wp\/v2\/posts\/114594","targetHints":{"allow":["GET"]}}],"collection":[{"href":"https:\/\/linitiative.ca\/International\/wp-json\/wp\/v2\/posts"}],"about":[{"href":"https:\/\/linitiative.ca\/International\/wp-json\/wp\/v2\/types\/post"}],"author":[{"embeddable":true,"href":"https:\/\/linitiative.ca\/International\/wp-json\/wp\/v2\/users\/1760"}],"replies":[{"embeddable":true,"href":"https:\/\/linitiative.ca\/International\/wp-json\/wp\/v2\/comments?post=114594"}],"version-history":[{"count":0,"href":"https:\/\/linitiative.ca\/International\/wp-json\/wp\/v2\/posts\/114594\/revisions"}],"wp:attachment":[{"href":"https:\/\/linitiative.ca\/International\/wp-json\/wp\/v2\/media?parent=114594"}],"wp:term":[{"taxonomy":"category","embeddable":true,"href":"https:\/\/linitiative.ca\/International\/wp-json\/wp\/v2\/categories?post=114594"},{"taxonomy":"post_tag","embeddable":true,"href":"https:\/\/linitiative.ca\/International\/wp-json\/wp\/v2\/tags?post=114594"}],"curies":[{"name":"wp","href":"https:\/\/api.w.org\/{rel}","templated":true}]}}