{"id":114595,"date":"2021-04-08T12:48:00","date_gmt":"2021-04-08T16:48:00","guid":{"rendered":"https:\/\/linitiative.ca\/International\/video-le-mouvement-populaire-maintient-la-pression\/"},"modified":"2021-04-08T12:48:00","modified_gmt":"2021-04-08T16:48:00","slug":"video-le-mouvement-populaire-maintient-la-pression","status":"publish","type":"post","link":"https:\/\/linitiative.ca\/International\/video-le-mouvement-populaire-maintient-la-pression\/","title":{"rendered":"[Vid\u00e9o] Le mouvement populaire maintient la pression"},"content":{"rendered":"<div id=\"originalText\" readability=\"42\">\n<p><strong><em>Des milliers de manifestants ont march\u00e9, ce vendredi, \u00e0 Alger, pour r\u00e9clamer un changement radical du syst\u00e8me.<\/em><\/strong><\/p>\n<p><strong><em>Pour cette 112e marche hebdomadaire, les alg\u00e9rois ont appel\u00e9 \u00e0 un \u00ab\u00a0Etat civil\u00a0\u00bb, une \u00ab\u00a0Alg\u00e9rie libre et d\u00e9mocratique\u00a0\u00bb, une \u00ab\u00a0presse libre\u00a0\u00bb et une \u00ab\u00a0justice ind\u00e9pendante\u00a0\u00bb.<\/em><\/strong><\/p>\n<p><strong><em>Vid\u00e9o\u00a0:<\/em><\/strong><\/p>\n<p><iframe loading=\"lazy\" allow=\"accelerometer; autoplay; clipboard-write; encrypted-media; gyroscope; picture-in-picture\" allowfullscreen=\"allowfullscreen\" frameborder=\"0\" height=\"315\" src=\"https:\/\/www.youtube.com\/embed\/tWLcCMaJo24\" title=\"YouTube video player\" width=\"560\">[embedded content]<\/iframe><\/p>\n<p class=\"c6\"><strong>R\u00e9daction Web\u00a0\u00a0<\/strong><\/p>\n<\/div>\n<div id=\"text_core\" readability=\"42\">\n<p><strong><em>Des milliers de manifestants ont march\u00e9, ce vendredi, \u00e0 Alger, pour r\u00e9clamer un changement radical du syst\u00e8me.<\/em><\/strong><\/p>\n<p><strong><em>Pour cette 112e marche hebdomadaire, les alg\u00e9rois ont appel\u00e9 \u00e0 un \u00ab\u00a0Etat civil\u00a0\u00bb, une \u00ab\u00a0Alg\u00e9rie libre et d\u00e9mocratique\u00a0\u00bb, une \u00ab\u00a0presse libre\u00a0\u00bb et une \u00ab\u00a0justice ind\u00e9pendante\u00a0\u00bb.<\/em><\/strong><\/p>\n<p><strong><em>Vid\u00e9o\u00a0:<\/em><\/strong><\/p>\n<p><iframe loading=\"lazy\" allow=\"accelerometer; autoplay; clipboard-write; encrypted-media; gyroscope; picture-in-picture\" allowfullscreen=\"allowfullscreen\" frameborder=\"0\" height=\"315\" src=\"https:\/\/www.youtube.com\/embed\/tWLcCMaJo24\" title=\"YouTube video player\" width=\"560\">[embedded content]<\/iframe><\/p>\n<p class=\"c6\"><strong>R\u00e9daction Web\u00a0\u00a0<\/strong><\/p>\n<\/div>\n<p>Auteur:<br \/>\n<a href=\"https:\/\/www.liberte-algerie.com\/actualite\/video-le-mouvement-populaire-maintient-la-pression-356907\">Cliquez ici pour lire l&rsquo;article depuis sa source.<\/a><\/p>\n","protected":false},"excerpt":{"rendered":"<p>Des milliers de manifestants ont march\u00e9, ce vendredi, \u00e0 Alger, pour r\u00e9clamer un changement radical du syst\u00e8me. Pour cette 112e marche hebdomadaire, les alg\u00e9rois ont appel\u00e9 \u00e0 un \u00ab\u00a0Etat civil\u00a0\u00bb, une \u00ab\u00a0Alg\u00e9rie libre et d\u00e9mocratique\u00a0\u00bb, une \u00ab\u00a0presse libre\u00a0\u00bb et une \u00ab\u00a0justice ind\u00e9pendante\u00a0\u00bb. Vid\u00e9o\u00a0: [embedded content] R\u00e9daction Web\u00a0\u00a0 Des milliers de manifestants ont march\u00e9, ce vendredi, [&hellip;]<\/p>\n","protected":false},"author":1742,"featured_media":0,"comment_status":"closed","ping_status":"closed","sticky":false,"template":"","format":"standard","meta":{"fifu_image_url":"","fifu_image_alt":"","footnotes":""},"categories":[73,53],"tags":[],"class_list":["post-114595","post","type-post","status-publish","format-standard","hentry","category-actualite","category-algerie"],"_links":{"self":[{"href":"https:\/\/linitiative.ca\/International\/wp-json\/wp\/v2\/posts\/114595","targetHints":{"allow":["GET"]}}],"collection":[{"href":"https:\/\/linitiative.ca\/International\/wp-json\/wp\/v2\/posts"}],"about":[{"href":"https:\/\/linitiative.ca\/International\/wp-json\/wp\/v2\/types\/post"}],"author":[{"embeddable":true,"href":"https:\/\/linitiative.ca\/International\/wp-json\/wp\/v2\/users\/1742"}],"replies":[{"embeddable":true,"href":"https:\/\/linitiative.ca\/International\/wp-json\/wp\/v2\/comments?post=114595"}],"version-history":[{"count":0,"href":"https:\/\/linitiative.ca\/International\/wp-json\/wp\/v2\/posts\/114595\/revisions"}],"wp:attachment":[{"href":"https:\/\/linitiative.ca\/International\/wp-json\/wp\/v2\/media?parent=114595"}],"wp:term":[{"taxonomy":"category","embeddable":true,"href":"https:\/\/linitiative.ca\/International\/wp-json\/wp\/v2\/categories?post=114595"},{"taxonomy":"post_tag","embeddable":true,"href":"https:\/\/linitiative.ca\/International\/wp-json\/wp\/v2\/tags?post=114595"}],"curies":[{"name":"wp","href":"https:\/\/api.w.org\/{rel}","templated":true}]}}