{"id":114596,"date":"2021-04-09T04:08:53","date_gmt":"2021-04-09T08:08:53","guid":{"rendered":"https:\/\/linitiative.ca\/International\/covax-le-maroc-recoit-la-premiere-allocation-de-vaccin-anti-covid\/"},"modified":"2021-04-09T04:08:53","modified_gmt":"2021-04-09T08:08:53","slug":"covax-le-maroc-recoit-la-premiere-allocation-de-vaccin-anti-covid","status":"publish","type":"post","link":"https:\/\/linitiative.ca\/International\/covax-le-maroc-recoit-la-premiere-allocation-de-vaccin-anti-covid\/","title":{"rendered":"COVAX: Le Maroc re\u00e7oit la premi\u00e8re allocation de vaccin anti-Covid"},"content":{"rendered":"<div class=\"single-featured\"><img alt=\"\" data-src=\"http:\/\/www.mapmarrakech.ma\/map\/uploads\/2021\/04\/Covax.jpg\"\/><\/div>\n<div class=\"single-post-excerpt post-excerpt-bc\" readability=\"36\">\n<p>Le Maroc a b\u00e9n\u00e9fici\u00e9 d\u2019une premi\u00e8re allocation de vaccin anti-Covid19 dans le cadre du m\u00e9canisme COVAX, a annonc\u00e9 jeudi le minist\u00e8re de la sant\u00e9, soulignant que des doses compl\u00e9mentaires seront allou\u00e9es au Royaume dans les semaines \u00e0 venir.<\/p>\n<\/div>\n<div class=\"entry-content clearfix single-post-content\" readability=\"65\">\n<p>\u201cLe Maroc a pu b\u00e9n\u00e9ficier, gr\u00e2ce au m\u00e9canisme COVAX, d\u2019une premi\u00e8re allocation en vaccins contre le virus de la Covid-19, qui lui est consacr\u00e9e. Des doses compl\u00e9mentaires lui seront allou\u00e9es dans les semaines \u00e0 venir dans le cadre de ce m\u00eame dispositif\u201d, affirme le minist\u00e8re dans un communiqu\u00e9.<\/p>\n<p>Il s\u2019agit d\u2019une compl\u00e9mentarit\u00e9 d\u2019approvisionnement en vaccins anti-Sars-CoV-2 qui permettra au Royaume de mener \u00e0 bien la campagne nationale de vaccination contre la Covid-19 lanc\u00e9e depuis le 28 janvier 2021, conform\u00e9ment aux Hautes Instructions de Sa Majest\u00e9 le Roi Mohammed VI.<\/p>\n<p>Le Maroc a particip\u00e9 au m\u00e9canisme COVAX, mis en place en fin 2020 par GAVI \u00ab Alliance Globale pour les Vaccins et l\u2019Immunisation \u00bb, en collaboration avec l\u2019Organisation Mondiale de la Sant\u00e9, l\u2019UNICEF et la Coalition pour les innovations en mati\u00e8re de pr\u00e9paration aux \u00e9pid\u00e9mies ainsi que d\u2019autres partenaires, rappelle la m\u00eame source, notant qu\u2019il s\u2019agit d\u2019une initiative mondiale qui collabore avec les gouvernements et les fabricants pour garantir la disponibilit\u00e9 des vaccins utilis\u00e9s pour limiter la propagation de la pand\u00e9mie Covid-19.<\/p>\n<p>A l\u2019heure actuelle, le m\u00e9canisme COVAX a permis \u00e0 plus de 100 pays participants de b\u00e9n\u00e9ficier d\u2019un acc\u00e8s rapide et \u00e9quitable \u00e0 des doses de vaccins s\u00fbrs, efficaces et reconnus par l\u2019OMS, qui couvriront jusqu\u2019\u00e0 20% de la population de chaque pays, et ce, malgr\u00e9 la demande accrue et la disponibilit\u00e9 r\u00e9duite en vaccins, conclut le communiqu\u00e9.<\/p>\n<\/div>\n<p>Auteur: Mohammed KOURSI<br \/>\n<a href=\"http:\/\/www.mapmarrakech.ma\/fr\/covax-le-maroc-recoit-la-premiere-allocation-de-vaccin-anti-covid\/\">Cliquez ici pour lire l&rsquo;article depuis sa source.<\/a><\/p>\n","protected":false},"excerpt":{"rendered":"<p>Le Maroc a b\u00e9n\u00e9fici\u00e9 d\u2019une premi\u00e8re allocation de vaccin anti-Covid19 dans le cadre du m\u00e9canisme COVAX, a annonc\u00e9 jeudi le minist\u00e8re de la sant\u00e9, soulignant que des doses compl\u00e9mentaires seront allou\u00e9es au Royaume dans les semaines \u00e0 venir. \u201cLe Maroc a pu b\u00e9n\u00e9ficier, gr\u00e2ce au m\u00e9canisme COVAX, d\u2019une premi\u00e8re allocation en vaccins contre le virus [&hellip;]<\/p>\n","protected":false},"author":1788,"featured_media":0,"comment_status":"closed","ping_status":"closed","sticky":false,"template":"","format":"standard","meta":{"fifu_image_url":"http:\/\/www.mapmarrakech.ma\/map\/uploads\/2021\/04\/Covax.jpg","fifu_image_alt":"COVAX: Le Maroc re\u00e7oit la premi\u00e8re allocation de vaccin anti-Covid","footnotes":""},"categories":[54,76],"tags":[],"class_list":["post-114596","post","type-post","status-publish","format-standard","hentry","category-maroc","category-regions"],"_links":{"self":[{"href":"https:\/\/linitiative.ca\/International\/wp-json\/wp\/v2\/posts\/114596","targetHints":{"allow":["GET"]}}],"collection":[{"href":"https:\/\/linitiative.ca\/International\/wp-json\/wp\/v2\/posts"}],"about":[{"href":"https:\/\/linitiative.ca\/International\/wp-json\/wp\/v2\/types\/post"}],"author":[{"embeddable":true,"href":"https:\/\/linitiative.ca\/International\/wp-json\/wp\/v2\/users\/1788"}],"replies":[{"embeddable":true,"href":"https:\/\/linitiative.ca\/International\/wp-json\/wp\/v2\/comments?post=114596"}],"version-history":[{"count":0,"href":"https:\/\/linitiative.ca\/International\/wp-json\/wp\/v2\/posts\/114596\/revisions"}],"wp:attachment":[{"href":"https:\/\/linitiative.ca\/International\/wp-json\/wp\/v2\/media?parent=114596"}],"wp:term":[{"taxonomy":"category","embeddable":true,"href":"https:\/\/linitiative.ca\/International\/wp-json\/wp\/v2\/categories?post=114596"},{"taxonomy":"post_tag","embeddable":true,"href":"https:\/\/linitiative.ca\/International\/wp-json\/wp\/v2\/tags?post=114596"}],"curies":[{"name":"wp","href":"https:\/\/api.w.org\/{rel}","templated":true}]}}