{"id":114597,"date":"2021-04-09T04:22:52","date_gmt":"2021-04-09T08:22:52","guid":{"rendered":"https:\/\/linitiative.ca\/International\/vente-aux-encheres-doeuvres-en-hommage-a-mohamed-melehi\/"},"modified":"2021-04-09T04:22:52","modified_gmt":"2021-04-09T08:22:52","slug":"vente-aux-encheres-doeuvres-en-hommage-a-mohamed-melehi","status":"publish","type":"post","link":"https:\/\/linitiative.ca\/International\/vente-aux-encheres-doeuvres-en-hommage-a-mohamed-melehi\/","title":{"rendered":"Vente aux ench\u00e8res d\u2019oeuvres en hommage \u00e0 Mohamed Melehi"},"content":{"rendered":"<div readability=\"38\">\n<p>Marrakech- La maison de ventes aux ench\u00e8res, \u00ab\u00a0Artcurial Maroc\u00a0\u00bb organisera le 23 mai prochain \u00e0 Marrakech, une vente aux ench\u00e8res d\u2019\u0153uvres de plusieurs artistes marocains de renom, dont Mohamed Melehi, auquel cette maison a choisi de rendre hommage.<\/p>\n<\/div>\n<div readability=\"98\">\n<p>Cette vente aux ench\u00e8res pr\u00e9sentera 11 \u0153uvres de Mohamed Melehi, grand artiste marocain d\u00e9c\u00e9d\u00e9 en octobre 2020, indique un communiqu\u00e9 de cette maison de vente aux ench\u00e8res.<\/p>\n<p>Parmi les lots phares de cette vacation, figurent deux plafonds peints et des compositions en bois de c\u00e8dre sculpt\u00e9, r\u00e9alis\u00e9es en 1969 par Mohamed Melehi pour un \u00e9tablissement h\u00f4telier \u00e0 K\u00e9laat M\u2019gouna, outre des moucharabieh et plafonniers de l\u2019artiste Mohamed Chebaa.<\/p>\n<p>D\u00e8s la fin des ann\u00e9es 60, le talent de Mohamed Melehi (1936-2020) et celui de Mohamed Chebaa ((1935-2013), tous deux socles de l\u2019Ecole des Beaux-arts de Casablanca, rencontrent celui du duo d\u2019architectes Patrice de Mazi\u00e8res et Abdesslem Faraoui, rappelle la m\u00eame source.<\/p>\n<p>Instigateurs d\u2019une architecture moderne inspir\u00e9e du courant brutaliste, ils r\u00e9alisent ensemble de nombreux projets extr\u00eamement innovants, dans le cadre de la promotion de la r\u00e9gion du Grand Sud du Royaume, int\u00e9grant les \u0153uvres \u00e0 l\u2019architecture.<\/p>\n<p>\u00ab\u00a0Cette vente rend hommage \u00e0 un grand artiste que nous avons malheureusement perdu l\u2019ann\u00e9e derni\u00e8re. Mohamed Melehi qui illustre la richesse du patrimoine national marocain. Il a su \u00e9tablir un dialogue entre art traditionnel et art contemporain. Les plafonds peints et les compositions en c\u00e8dre sont tr\u00e8s symboliques de son talent et de sa modernit\u00e9\u00a0\u00bb, a soulign\u00e9 le directeur d\u2019Artcurial Maroc, Olivier Berman.<\/p>\n<p>N\u00e9 \u00e0 Assilah en 1936, Mohamed Melehi est peintre, graphiste, enseignant, muraliste et acteur culturel, une figure centrale et de premier plan de l\u2019art marocain et de l\u2019histoire du modernisme.<\/p>\n<p>Dipl\u00f4m\u00e9 de l\u2019\u00c9cole des Beaux-arts de T\u00e9touan en 1955, il s\u2019envole pour apprendre les beaux-arts \u00e0 S\u00e9ville et Madrid, la sculpture \u00e0 Rome et l\u2019estampe \u00e0 Paris.<\/p>\n<p>Au d\u00e9but des ann\u00e9es soixante, il voyage aux \u00c9tats-Unis, o\u00f9 il \u00e9tudie \u00e0 l\u2019Universit\u00e9 de Columbia pendant deux ans avant de retourner au Maroc en 1964. Melehi explore le patrimoine culturel marocain comme principale source d\u2019inspiration et utilise une palette de couleurs audacieuse.<\/p>\n<p>Mohamed Chebaa est natif, quant \u00e0 lui, de Tanger en 1935. Apr\u00e8s l\u2019obtention de son dipl\u00f4me \u00e0 l\u2019\u00e9cole des beaux-arts de T\u00e9touan, il part en Italie pour poursuivre, de 1962 \u00e0 1964, des \u00e9tudes \u00e0 l\u2019Acad\u00e9mie des beaux-arts de Rome.<\/p>\n<p>De retour au Maroc, il enseigne \u00e0 l\u2019\u00e9cole des Beaux-arts de Casablanca, avant d\u2019\u00eatre nomm\u00e9 directeur de l\u2019Institut National des Beaux-arts de T\u00e9touan. Chebaa est l\u2019une des figures importantes de la peinture moderne au Maroc.<\/p>\n<\/div>\n<p>Auteur: Mohammed KOURSI<br \/>\n<a href=\"http:\/\/www.mapmarrakech.ma\/fr\/vente-aux-encheres-doeuvres-en-hommage-a-mohamed-melehi\/\">Cliquez ici pour lire l&rsquo;article depuis sa source.<\/a><\/p>\n","protected":false},"excerpt":{"rendered":"<p>Marrakech- La maison de ventes aux ench\u00e8res, \u00ab\u00a0Artcurial Maroc\u00a0\u00bb organisera le 23 mai prochain \u00e0 Marrakech, une vente aux ench\u00e8res d\u2019\u0153uvres de plusieurs artistes marocains de renom, dont Mohamed Melehi, auquel cette maison a choisi de rendre hommage. Cette vente aux ench\u00e8res pr\u00e9sentera 11 \u0153uvres de Mohamed Melehi, grand artiste marocain d\u00e9c\u00e9d\u00e9 en octobre 2020, [&hellip;]<\/p>\n","protected":false},"author":1788,"featured_media":0,"comment_status":"closed","ping_status":"closed","sticky":false,"template":"","format":"standard","meta":{"fifu_image_url":"","fifu_image_alt":"","footnotes":""},"categories":[54,76],"tags":[],"class_list":["post-114597","post","type-post","status-publish","format-standard","hentry","category-maroc","category-regions"],"_links":{"self":[{"href":"https:\/\/linitiative.ca\/International\/wp-json\/wp\/v2\/posts\/114597","targetHints":{"allow":["GET"]}}],"collection":[{"href":"https:\/\/linitiative.ca\/International\/wp-json\/wp\/v2\/posts"}],"about":[{"href":"https:\/\/linitiative.ca\/International\/wp-json\/wp\/v2\/types\/post"}],"author":[{"embeddable":true,"href":"https:\/\/linitiative.ca\/International\/wp-json\/wp\/v2\/users\/1788"}],"replies":[{"embeddable":true,"href":"https:\/\/linitiative.ca\/International\/wp-json\/wp\/v2\/comments?post=114597"}],"version-history":[{"count":0,"href":"https:\/\/linitiative.ca\/International\/wp-json\/wp\/v2\/posts\/114597\/revisions"}],"wp:attachment":[{"href":"https:\/\/linitiative.ca\/International\/wp-json\/wp\/v2\/media?parent=114597"}],"wp:term":[{"taxonomy":"category","embeddable":true,"href":"https:\/\/linitiative.ca\/International\/wp-json\/wp\/v2\/categories?post=114597"},{"taxonomy":"post_tag","embeddable":true,"href":"https:\/\/linitiative.ca\/International\/wp-json\/wp\/v2\/tags?post=114597"}],"curies":[{"name":"wp","href":"https:\/\/api.w.org\/{rel}","templated":true}]}}