{"id":114599,"date":"2021-04-09T13:51:11","date_gmt":"2021-04-09T17:51:11","guid":{"rendered":"https:\/\/linitiative.ca\/International\/appel-a-aider-les-enfants-en-situation-de-vulnerabilite\/"},"modified":"2021-04-09T13:51:11","modified_gmt":"2021-04-09T17:51:11","slug":"appel-a-aider-les-enfants-en-situation-de-vulnerabilite","status":"publish","type":"post","link":"https:\/\/linitiative.ca\/International\/appel-a-aider-les-enfants-en-situation-de-vulnerabilite\/","title":{"rendered":"Appel \u00e0 aider les enfants en situation de vuln\u00e9rabilit\u00e9"},"content":{"rendered":"<div readability=\"39\">\n<p>Par Omar Er-rouch<br \/>Marrakech- Alors que le m\u00e9c\u00e9nat s\u2019est ralenti en raison de la crise sanitaire induite par le nouveau coronavirus (Covid-19), moult associations d\u2019aide aux plus d\u00e9munis voient leurs moyens menac\u00e9s, \u00e0 l\u2019instar de la Ligue Marocaine pour la Protection de l\u2019Enfance (LMPE), antenne Marrakech-Safi, qui ne cesse de plaider en faveur d\u2019une mobilisation citoyenne pour venir en aide aux enfants en situation de vuln\u00e9rabilit\u00e9.<\/p>\n<\/div>\n<div readability=\"149\">\n<p>Souffrant d\u2019une baisse drastique de ses fonds, la LMPE\u00a0Marrakech-Safi a lanc\u00e9 un appel aux \u00e2mes charitables parmi les donateurs et les acteurs de la soci\u00e9t\u00e9 civile, afin qu\u2019ils r\u00e9agissent dans l\u2019optique de permettre \u00e0 cette association \u00e0 vocation humaine et sociale de soutenir les enfants pris en charge ainsi que leurs familles.<\/p>\n<p>\u00ab\u00a0Notre message s\u2019adresse \u00e0 la conscience collective marocaine. Nous faisons appel \u00e0 l\u2019ensemble des forces vives du Royaume pour venir en aide \u00e0 ces enfants, que ce soit \u00e0\u00a0Marrakech\u00a0ou dans d\u2019autres villes\u00a0\u00bb, a lanc\u00e9 de vive voix, la pr\u00e9sidente de la Ligue Marocaine pour la Protection de l\u2019Enfance (LMPE), antenne\u00a0Marrakech-Safi, Mme Lamia Lazrek.<\/p>\n<p>Quelque 86 enfants sont actuellement accueillis dans les locaux de la LMPE\u00a0Marrakech-Safi, dont des enfants aux besoins sp\u00e9cifiques (25 enfants), des b\u00e9b\u00e9s de moins d\u2019un an, des enfants en situation de vuln\u00e9rabilit\u00e9 et des enfants abandonn\u00e9s, a-t-elle tenu \u00e0 pr\u00e9ciser dans un entretien accord\u00e9 \u00e0 la MAP, rappelant que ces enfants sont enti\u00e8rement pris en charge par la LMPE\u00a0Marrakech-Safi, notamment en ce qui concerne les soins, la scolarit\u00e9 et l\u2019accompagnement psychologique et parascolaire.<\/p>\n<p>Des services vitaux qui sont, d\u00e9sormais, compromis par la crise sanitaire, qui a durement frapp\u00e9 le flux de donations faites \u00e0 l\u2019association ayant subi de lourdes cons\u00e9quences sur ses charges fixes et ses besoins au quotidien.<\/p>\n<p>\u00ab\u00a0Nous sommes conscients que la crise sanitaire induite par la Covid-19 a impact\u00e9 l\u2019ensemble des secteurs sans exception. En revanche, les actions sociales demeurent les plus touch\u00e9es par la crise, et le futur des enfants accueillis dans les locaux de la LMPE d\u00e9pend de r\u00e9elles n\u00e9cessit\u00e9s quotidiennes (nourriture, soins, scolarit\u00e9\u2026). Il est ainsi de notre devoir de s\u2019entraider au profit des couches sociales les plus sensibles\u00a0\u00bb, a soulign\u00e9 Mme Lazrek.<\/p>\n<p>Tout en remerciant les autorit\u00e9s comp\u00e9tentes pour leurs efforts inconditionnels au profit des enfants de ce magnifique \u00e9cosyst\u00e8me social, elle a exhort\u00e9 notamment le secteur priv\u00e9 \u00e0 \u00ab\u00a0s\u2019activer davantage et cr\u00e9er la diff\u00e9rence. Nous ne pouvons pas nous baser uniquement sur les aides de l\u2019\u00c9tat, puisque la soci\u00e9t\u00e9 est compos\u00e9e de plusieurs acteurs agissants, et ils peuvent r\u00e9ellement aider ces enfants-l\u00e0\u00a0\u00bb.<\/p>\n<p>\u00ab\u00a0En collaborant ensemble : tissu associatif, institutions publiques et secteur priv\u00e9, nous pouvons donner l\u2019occasion \u00e0 toute une g\u00e9n\u00e9ration de d\u00e9velopper un sens de citoyennet\u00e9 \u00e9lev\u00e9. Et par la m\u00eame occasion, diminuer consid\u00e9rablement cette probl\u00e9matique d\u2019enfants en situation de pr\u00e9carit\u00e9 et de vuln\u00e9rabilit\u00e9\u00a0\u00bb, a dit cette militante associative.<\/p>\n<p>\u00ab\u00a0Nous nous ne voulons pas que ces enfants, issus de notre propre soci\u00e9t\u00e9, aient \u00e0 subir les cons\u00e9quences de l\u2019insouciance des parents ou de la pauvret\u00e9\u00a0\u00bb, a soulign\u00e9 Mme Lazrek.<\/p>\n<p>En effet, la mission sociale de la LMPE\u00a0Marrakech-Safi est entrav\u00e9e par le manque de moyens financiers, alors que \u00ab\u00a0durant cette crise, la couche sociale la plus fragile produira de plus en plus des enfants victimes de violence, de mendicit\u00e9 voire m\u00eame de l\u2019abandon\u00a0\u00bb, a-t-elle alert\u00e9.<\/p>\n<p>\u00ab\u00a0Nous avons malheureusement \u00e9t\u00e9 forc\u00e9s de supprimer deux services cl\u00e9s dans la LMPE\u00a0Marrakech-Safi, celui de l\u2019assistante sociale, qui travaillait dans l\u2019accompagnement des m\u00e8res en situation de pr\u00e9carit\u00e9, et le deuxi\u00e8me, celui des nurses sp\u00e9cialis\u00e9es dans les situations de handicap, parce que nous sommes quasiment impuissants de prendre en charge d\u2019autres enfants\u00a0\u00bb, a d\u00e9plor\u00e9 Mme Lazrek.<\/p>\n<p>Outre son incapacit\u00e9 d\u2019accueillir des enfants en situation de pr\u00e9carit\u00e9, la mission cl\u00e9s de la LMPE d\u2019accompagner les m\u00e8res en situation de vuln\u00e9rabilit\u00e9 est aussi touch\u00e9e par ce d\u00e9ficit en moyens financiers.<\/p>\n<p>\u00ab\u00a0Nous sommes dans l\u2019impossibilit\u00e9 de leur offrir la prise en charge de leurs enfants \u00e0 la naissance comme nous avions l\u2019habitude de le faire par le pass\u00e9, en guise d\u2019alternative essentielle pour \u00e9viter qu\u2019elles abandonnent leurs b\u00e9b\u00e9s\u00a0\u00bb, a expliqu\u00e9 Mme Lazrek.<\/p>\n<p>D\u00e9sormais, le probl\u00e8me se situe \u00e9galement sur le court et moyen termes. \u00ab\u00a0Nous ne pouvons malheureusement pas mettre en place une strat\u00e9gie de fonctionnement au sein de la LMPE\u00a0Marrakech\u00a0pour manque de fonds. Notre budget se d\u00e9termine au jour le jour, et nous proc\u00e9dons toujours par priorit\u00e9 pour les enfants que nous h\u00e9bergeons dans le Centre\u00a0\u00bb, a expliqu\u00e9 Mme Lazrek.<\/p>\n<p>Dans ce sens, elle a soulign\u00e9 que la d\u00e9pendance de la LMPE\u00a0Marrakech-Safi du m\u00e9c\u00e9nat \u00ab\u00a0entretient un doute permanent par rapport \u00e0 notre capacit\u00e9 d\u2019assurer nos fins de mois\u00a0\u00bb.<\/p>\n<p>Une \u00e9p\u00e9e de Damocl\u00e8s qui est, d\u00e9sormais, suspendu sur cet \u00e9cosyst\u00e8me social et ses locataires, et prend en otage l\u2019avenir d\u2019enfants innocents qui ont besoin d\u2019un coup de pouce pour r\u00e9ussir dans la vie.<\/p>\n<\/div>\n<p>Auteur: Mohammed KOURSI<br \/>\n<a href=\"http:\/\/www.mapmarrakech.ma\/fr\/appel-a-la-mobilisation-pour-aider-les-enfants-en-situation-de-vulnerabilite\/\">Cliquez ici pour lire l&rsquo;article depuis sa source.<\/a><\/p>\n","protected":false},"excerpt":{"rendered":"<p>Par Omar Er-rouchMarrakech- Alors que le m\u00e9c\u00e9nat s\u2019est ralenti en raison de la crise sanitaire induite par le nouveau coronavirus (Covid-19), moult associations d\u2019aide aux plus d\u00e9munis voient leurs moyens menac\u00e9s, \u00e0 l\u2019instar de la Ligue Marocaine pour la Protection de l\u2019Enfance (LMPE), antenne Marrakech-Safi, qui ne cesse de plaider en faveur d\u2019une mobilisation citoyenne [&hellip;]<\/p>\n","protected":false},"author":1788,"featured_media":0,"comment_status":"closed","ping_status":"closed","sticky":false,"template":"","format":"standard","meta":{"fifu_image_url":"","fifu_image_alt":"","footnotes":""},"categories":[54,76],"tags":[],"class_list":["post-114599","post","type-post","status-publish","format-standard","hentry","category-maroc","category-regions"],"_links":{"self":[{"href":"https:\/\/linitiative.ca\/International\/wp-json\/wp\/v2\/posts\/114599","targetHints":{"allow":["GET"]}}],"collection":[{"href":"https:\/\/linitiative.ca\/International\/wp-json\/wp\/v2\/posts"}],"about":[{"href":"https:\/\/linitiative.ca\/International\/wp-json\/wp\/v2\/types\/post"}],"author":[{"embeddable":true,"href":"https:\/\/linitiative.ca\/International\/wp-json\/wp\/v2\/users\/1788"}],"replies":[{"embeddable":true,"href":"https:\/\/linitiative.ca\/International\/wp-json\/wp\/v2\/comments?post=114599"}],"version-history":[{"count":0,"href":"https:\/\/linitiative.ca\/International\/wp-json\/wp\/v2\/posts\/114599\/revisions"}],"wp:attachment":[{"href":"https:\/\/linitiative.ca\/International\/wp-json\/wp\/v2\/media?parent=114599"}],"wp:term":[{"taxonomy":"category","embeddable":true,"href":"https:\/\/linitiative.ca\/International\/wp-json\/wp\/v2\/categories?post=114599"},{"taxonomy":"post_tag","embeddable":true,"href":"https:\/\/linitiative.ca\/International\/wp-json\/wp\/v2\/tags?post=114599"}],"curies":[{"name":"wp","href":"https:\/\/api.w.org\/{rel}","templated":true}]}}