{"id":114601,"date":"2021-04-09T12:19:17","date_gmt":"2021-04-09T16:19:17","guid":{"rendered":"https:\/\/linitiative.ca\/International\/la-cpu-un-tournant-pour-la-generalisation-de-la-couverture-medicale\/"},"modified":"2021-04-09T12:19:17","modified_gmt":"2021-04-09T16:19:17","slug":"la-cpu-un-tournant-pour-la-generalisation-de-la-couverture-medicale","status":"publish","type":"post","link":"https:\/\/linitiative.ca\/International\/la-cpu-un-tournant-pour-la-generalisation-de-la-couverture-medicale\/","title":{"rendered":"La CPU, un tournant pour la g\u00e9n\u00e9ralisation de la couverture m\u00e9dicale"},"content":{"rendered":"<p class=\"c4\">La Contribution professionnelle unique (CPU) constitue un tournant en vue de g\u00e9n\u00e9raliser la couverture m\u00e9dicale en faveur de cat\u00e9gories de professionnels jusque-l\u00e0 exclues de toute protection sociale, ont soulign\u00e9, jeudi \u00e0 Berkane, les participants \u00e0 une rencontre de sensibilisation autour de la CPU.<\/p>\n<p class=\"c4\">Les intervenants lors de cette rencontre, organis\u00e9e \u00e0 l\u2019initiative de la Direction r\u00e9gionale des Imp\u00f4ts et de la Direction r\u00e9gionale de la Caisse nationale de s\u00e9curit\u00e9 sociale (CNSS), ont mis en exergue les avantages qu\u2019offre la CPU, qui ouvre la porte aux professionnels non-salari\u00e9s auparavant soumis au r\u00e9gime du b\u00e9n\u00e9fice forfaitaire de b\u00e9n\u00e9ficier de la couverture m\u00e9dicale, mais qui vient aussi simplifier le syst\u00e8me fiscal destin\u00e9 \u00e0 cette cat\u00e9gorie en rempla\u00e7ant \u00e0 la fois l\u2019imp\u00f4t forfaitaire sur le revenu, la taxe professionnelle et la taxe des services communaux.<\/p>\n<p class=\"c4\">Dans une d\u00e9claration \u00e0 la cha\u00eene d\u2019information en continu de la MAP (M24), le directeur r\u00e9gional des Imp\u00f4ts de l\u2019Oriental, Said Ourchakou, a indiqu\u00e9 que cette rencontre s\u2019inscrit dans une s\u00e9rie d\u2019initiatives similaires organis\u00e9es dans l\u2019ensemble des provinces de la r\u00e9gion de l\u2019Oriental en coordination avec les chambres professionnelles, en vue de sensibiliser et de communiquer autour de la CPU qui vise une cat\u00e9gorie jusque-l\u00e0 pr\u00e9caire d\u2019un point de vue fiscal et social, notant que la CPU apporte \u00e0 la fois une r\u00e9forme du syst\u00e8me fiscal destin\u00e9 \u00e0 ce type de professionnels et un \u00e9largissement de la couverture de sant\u00e9 pour englober une part importante de la population.<\/p>\n<p class=\"c4\">Cette initiative est de nature \u00e0 am\u00e9liorer la couverture m\u00e9dicale et sociale de la population marocaine et int\u00e9grer le secteur non formel dans le tissu \u00e9conomique national, dans un souci d\u2019\u00e9quit\u00e9 et de solidarit\u00e9 sociale, a-t-il soulign\u00e9.<\/p>\n<p class=\"c4\">De son c\u00f4t\u00e9, le pr\u00e9sident de la Chambre de commerce, d\u2019industrie et de services (CCIS) de l\u2019Oriental, Abdelhafid El Jaroudi, a fait savoir que la CCIS a men\u00e9, depuis l\u2019annonce de ce chantier d\u2019envergure, plusieurs actions de sensibilisation et a mobilis\u00e9 ses cadres aux c\u00f4t\u00e9s de ceux de la Direction r\u00e9gionale des Imp\u00f4ts en vue d\u2019accompagner les professionnels auparavant soumis au r\u00e9gime du b\u00e9n\u00e9fice forfaitaire et leur faciliter l\u2019adh\u00e9sion au nouveau syst\u00e8me fiscal.<\/p>\n<p class=\"c4\">Il s\u2019agit d\u2019un grand chantier royal qui permet \u00e0 cette cat\u00e9gorie de professionnels de b\u00e9n\u00e9ficier, entre autres, de la couverture m\u00e9dicale \u00e0 des conditions tr\u00e8s avantageuses, a-t-il relev\u00e9.<\/p>\n<p class=\"c4\">Cette rencontre a \u00e9t\u00e9 marqu\u00e9e par la pr\u00e9sentation d\u2019un expos\u00e9 de la direction r\u00e9gionale de la CNSS sur les modalit\u00e9s et les composantes du projet de g\u00e9n\u00e9ralisation de la protection sociale, en particulier la couverture m\u00e9dicale obligatoire.<\/p>\n<p class=\"c4\">La CPU, l\u2019une des principales recommandations des 3\u00e8mes assises nationales de la fiscalit\u00e9, tenues les 3 et 4 mai en 2019 \u00e0 Skhirat, a \u00e9t\u00e9 envisag\u00e9e pour mettre en place un syst\u00e8me d\u2019imposition adapt\u00e9 aux personnes physiques, dont le revenu professionnel est d\u00e9termin\u00e9 selon le r\u00e9gime du b\u00e9n\u00e9fice forfaitaire.<\/p>\n<p class=\"c4\">Ce r\u00e9gime s\u2019inscrit dans le cadre du chantier strat\u00e9gique annonc\u00e9 par SM le Roi Mohammed VI dans Son discours du Tr\u00f4ne de 2020 et \u00e0 l\u2019occasion de l\u2019ouverture de la premi\u00e8re session parlementaire de la cinqui\u00e8me ann\u00e9e l\u00e9gislative de la 10\u00e8me l\u00e9gislature le 9 octobre 2020, visant \u00e0 g\u00e9n\u00e9raliser la couverture sociale au profit de tous les Marocains \u00e0 l\u2019horizon 2025.<\/p>\n<p>Auteur: Soufiane ELAHMAR<br \/>\n<a href=\"http:\/\/www.mapoujda.ma\/fr\/la-cpu-un-tournant-pour-la-generalisation-de-la-couverture-medicale\/\">Cliquez ici pour lire l&rsquo;article depuis sa source.<\/a><\/p>\n","protected":false},"excerpt":{"rendered":"<p>La Contribution professionnelle unique (CPU) constitue un tournant en vue de g\u00e9n\u00e9raliser la couverture m\u00e9dicale en faveur de cat\u00e9gories de professionnels jusque-l\u00e0 exclues de toute protection sociale, ont soulign\u00e9, jeudi \u00e0 Berkane, les participants \u00e0 une rencontre de sensibilisation autour de la CPU. Les intervenants lors de cette rencontre, organis\u00e9e \u00e0 l\u2019initiative de la Direction [&hellip;]<\/p>\n","protected":false},"author":1788,"featured_media":0,"comment_status":"closed","ping_status":"closed","sticky":false,"template":"","format":"standard","meta":{"fifu_image_url":"","fifu_image_alt":"","footnotes":""},"categories":[54,76],"tags":[],"class_list":["post-114601","post","type-post","status-publish","format-standard","hentry","category-maroc","category-regions"],"_links":{"self":[{"href":"https:\/\/linitiative.ca\/International\/wp-json\/wp\/v2\/posts\/114601","targetHints":{"allow":["GET"]}}],"collection":[{"href":"https:\/\/linitiative.ca\/International\/wp-json\/wp\/v2\/posts"}],"about":[{"href":"https:\/\/linitiative.ca\/International\/wp-json\/wp\/v2\/types\/post"}],"author":[{"embeddable":true,"href":"https:\/\/linitiative.ca\/International\/wp-json\/wp\/v2\/users\/1788"}],"replies":[{"embeddable":true,"href":"https:\/\/linitiative.ca\/International\/wp-json\/wp\/v2\/comments?post=114601"}],"version-history":[{"count":0,"href":"https:\/\/linitiative.ca\/International\/wp-json\/wp\/v2\/posts\/114601\/revisions"}],"wp:attachment":[{"href":"https:\/\/linitiative.ca\/International\/wp-json\/wp\/v2\/media?parent=114601"}],"wp:term":[{"taxonomy":"category","embeddable":true,"href":"https:\/\/linitiative.ca\/International\/wp-json\/wp\/v2\/categories?post=114601"},{"taxonomy":"post_tag","embeddable":true,"href":"https:\/\/linitiative.ca\/International\/wp-json\/wp\/v2\/tags?post=114601"}],"curies":[{"name":"wp","href":"https:\/\/api.w.org\/{rel}","templated":true}]}}