{"id":114603,"date":"2021-04-09T10:18:03","date_gmt":"2021-04-09T14:18:03","guid":{"rendered":"https:\/\/linitiative.ca\/International\/fez-smart-factory-uemf-david-greene-promet-son-appui\/"},"modified":"2021-04-09T10:18:03","modified_gmt":"2021-04-09T14:18:03","slug":"fez-smart-factory-uemf-david-greene-promet-son-appui","status":"publish","type":"post","link":"https:\/\/linitiative.ca\/International\/fez-smart-factory-uemf-david-greene-promet-son-appui\/","title":{"rendered":"Fez Smart Factory-UEMF: David Greene promet son appui"},"content":{"rendered":"<p class=\"rtejustify\">La visite, hier 8 avril 2021, de David Greene \u00e0 l\u2019universit\u00e9 Euromed de F\u00e8s (UEMF) rev\u00eat une grande importance. \u00abEt ce, \u00e0 plusieurs titres\u00bb, comme l\u2019estime Pr Mostapha Bousmina, pr\u00e9sident de l\u2019UEMF, et pour qui \u00abcette visite d\u00e9note des relations exceptionnelles d\u2019amiti\u00e9 et de partenariat entre le Maroc et les Etats-Unis d\u2019Am\u00e9rique\u00bb.<\/p>\n<p class=\"rtejustify\">\u00abNotre pays est le plus ancien ami et fid\u00e8le alli\u00e9 des USA dans cette r\u00e9gion du monde et peut-\u00eatre au-del\u00e0\u00bb, rench\u00e9rit-il. Accompagn\u00e9 des responsables du MCA, MCC, et Fonzid, ainsi que les repr\u00e9sentants du Consortium du projet de la \u00abF\u00e8s Smart Factory\u00bb (FSF), le Charg\u00e9 d\u2019Affaires de l\u2019ambassade des USA au Maroc, \u00e9tait l\u2019occasion d\u2019appr\u00e9cier de visu l\u2019emplacement o\u00f9 va s\u2019\u00e9riger incessamment le projet FSF. \u00abL\u2019\u00e9quipe de notre universit\u00e9 est compl\u00e9tement mobilis\u00e9e et engag\u00e9e pour mettre rapidement en \u0153uvre ce chantier, et en faire le moteur d\u2019innovation et de d\u00e9veloppement de la r\u00e9gion F\u00e8s-Mekn\u00e8s et du Maroc\u00bb, affirme Pr Bousmina soulignant que \u00abce projet est financ\u00e9 \u00e0 raison de 50% du MCC\u00bb.<\/p>\n<p class=\"rtejustify\">Pour rappel, il s\u2019agit d\u2019un projet pionner au Maroc qui met sur le site de l\u2019universit\u00e9 un \u00e9cosyst\u00e8me d\u2019innovation o\u00f9 se rencontreront \u00e0 la fois les chercheurs des universit\u00e9s marocaines, les ing\u00e9nieurs des entreprises et les porteurs de projets. L\u2019ambition \u00e9tant d\u2019imaginer, concevoir et fabriquer des prototypes \u00e0 mettre en \u0153uvre au sein de l\u2019entreprise, afin d\u2019augmenter sa comp\u00e9titivit\u00e9. En r\u00e9alit\u00e9, la FSF devra interfacer \u00e0 la fois des technologies existantes et aussi des technologies nouvelles telles l\u2019intelligence artificielle, les Big Data, et la r\u00e9alit\u00e9 virtuelle, et mettre aussi beaucoup de capteurs pour le contr\u00f4le des syst\u00e8mes et l\u2019acquisition des donn\u00e9es, \u00e0 m\u00eame de transformer l\u2019industrie marocaine.<\/p>\n<p class=\"rtejustify\">\u00abFSF qui va respecter les normes environnementales et d\u2019inclusion, sera un mod\u00e8le dans la r\u00e9gion de l\u2019Afrique du nord et la r\u00e9gion Euro-m\u00e9diterran\u00e9enne. A ce titre, plusieurs institutions nationales et internationales sont int\u00e9ress\u00e9es par ce projet\u00bb, confie Pr Bousmina. Pour sa part, David Greene a affich\u00e9 son enthousiasme de \u00abdiscuter et d\u2019apprendre concernant ce projet dont nous sommes tr\u00e8s fiers\u00bb. Le diplomate am\u00e9ricain s\u2019est enquis dans la matin\u00e9e de ce jeudi 8 avril d\u2019autres projets r\u00e9alis\u00e9s dans le cadre du partenariat compacte 1 du MCC avec F\u00e8s.<\/p>\n<p class=\"rtejustify\">Il s\u2019agit de la r\u00e9novation des Foundouks et la restauration \u00abremarquable\u00bb de la place Lalla Yeddouna, projets d\u2019un grand succ\u00e8s pour la valorisation du patrimoine et l\u2019accompagnement des artisans. \u00abLa FSF est un autre projet \u00abmoderne\u00bb qui b\u00e9n\u00e9ficie d\u2019un apport et d\u2019une collaboration r\u00e9ussis entre la Millenium Challenge Corporation et le Maroc, gr\u00e2ce \u00e0 un r\u00e9seau de partenaires qui se mobilisent en faveur de l\u2019industrie 4.0\u00bb, note le Charg\u00e9 d\u2019Affaires de l\u2019ambassade des USA \u00e0 Rabat, f\u00e9licitant l&rsquo;implication du secteur priv\u00e9 et des institutionnels dans ce projet qui repr\u00e9sente plus de 100 millions de DH.<\/p>\n<p class=\"rtejustify\">\u00abCe projet aura un impact substantiel et positif sur le d\u00e9veloppement de cette r\u00e9gion puisqu\u2019il vise le long terme et ambitionne de cr\u00e9er plus de 5.000 emplois au cours des 20 prochaines ann\u00e9es, de fa\u00e7on novatrice et durable\u00bb, estime Greene. Et de conclure : \u00abGr\u00e2ce \u00e0 SM le Roi, le Maroc a r\u00e9ussi la gestion de la pand\u00e9mie. Maintenant, il est n\u00e9cessaire de red\u00e9marrer le moteur \u00e9conomique et soutenir avec tous les moyens dont nous disposons pour assurer un bel avenir pour le Royaume. Cr\u00e9ons ensemble des opportunit\u00e9s et promouvons l&#8217;employabilit\u00e9 gr\u00e2ce \u00e0 des projets qui favorisent l&rsquo;\u00e9ducation, les comp\u00e9tences entrepreneuriales et les investissements du secteur priv\u00e9\u00bb.<\/p>\n<p class=\"rtejustify\"><em>Y.S.A<\/em><\/p>\n<p class=\"rtejustify\">\u00a0<\/p>\n<p>Auteur: mbasraoui<br \/>\n<a href=\"https:\/\/www.leconomiste.com\/flash-infos\/fez-smart-factory-uemf-david-greene-promet-son-appui\">Cliquez ici pour lire l&rsquo;article depuis sa source.<\/a><\/p>\n","protected":false},"excerpt":{"rendered":"<p>La visite, hier 8 avril 2021, de David Greene \u00e0 l\u2019universit\u00e9 Euromed de F\u00e8s (UEMF) rev\u00eat une grande importance. \u00abEt ce, \u00e0 plusieurs titres\u00bb, comme l\u2019estime Pr Mostapha Bousmina, pr\u00e9sident de l\u2019UEMF, et pour qui \u00abcette visite d\u00e9note des relations exceptionnelles d\u2019amiti\u00e9 et de partenariat entre le Maroc et les Etats-Unis d\u2019Am\u00e9rique\u00bb. \u00abNotre pays est [&hellip;]<\/p>\n","protected":false},"author":1763,"featured_media":0,"comment_status":"closed","ping_status":"closed","sticky":false,"template":"","format":"standard","meta":{"fifu_image_url":"","fifu_image_alt":"","footnotes":""},"categories":[78,54],"tags":[],"class_list":["post-114603","post","type-post","status-publish","format-standard","hentry","category-economie","category-maroc"],"_links":{"self":[{"href":"https:\/\/linitiative.ca\/International\/wp-json\/wp\/v2\/posts\/114603","targetHints":{"allow":["GET"]}}],"collection":[{"href":"https:\/\/linitiative.ca\/International\/wp-json\/wp\/v2\/posts"}],"about":[{"href":"https:\/\/linitiative.ca\/International\/wp-json\/wp\/v2\/types\/post"}],"author":[{"embeddable":true,"href":"https:\/\/linitiative.ca\/International\/wp-json\/wp\/v2\/users\/1763"}],"replies":[{"embeddable":true,"href":"https:\/\/linitiative.ca\/International\/wp-json\/wp\/v2\/comments?post=114603"}],"version-history":[{"count":0,"href":"https:\/\/linitiative.ca\/International\/wp-json\/wp\/v2\/posts\/114603\/revisions"}],"wp:attachment":[{"href":"https:\/\/linitiative.ca\/International\/wp-json\/wp\/v2\/media?parent=114603"}],"wp:term":[{"taxonomy":"category","embeddable":true,"href":"https:\/\/linitiative.ca\/International\/wp-json\/wp\/v2\/categories?post=114603"},{"taxonomy":"post_tag","embeddable":true,"href":"https:\/\/linitiative.ca\/International\/wp-json\/wp\/v2\/tags?post=114603"}],"curies":[{"name":"wp","href":"https:\/\/api.w.org\/{rel}","templated":true}]}}