{"id":114605,"date":"2021-04-09T12:38:39","date_gmt":"2021-04-09T16:38:39","guid":{"rendered":"https:\/\/linitiative.ca\/International\/astrazeneca-nouvelle-enquete-de-lagence-europeenne-des-medicaments\/"},"modified":"2021-04-09T12:38:39","modified_gmt":"2021-04-09T16:38:39","slug":"astrazeneca-nouvelle-enquete-de-lagence-europeenne-des-medicaments","status":"publish","type":"post","link":"https:\/\/linitiative.ca\/International\/astrazeneca-nouvelle-enquete-de-lagence-europeenne-des-medicaments\/","title":{"rendered":"AstraZeneca: nouvelle enqu\u00eate de l&rsquo;Agence europ\u00e9enne des m\u00e9dicaments"},"content":{"rendered":"<p class=\"rtejustify\">L&rsquo;Agence europ\u00e9enne des m\u00e9dicaments (EMA) a indiqu\u00e9, vendredi, qu&rsquo;elle a lanc\u00e9 une enqu\u00eate sur un possible lien entre le vaccin contre le coronavirus d&rsquo;AstraZeneca et des probl\u00e8mes de vaisseaux sanguins.<\/p>\n<p class=\"rtejustify\">L&rsquo;EMA pr\u00e9cise que son Comit\u00e9 d&rsquo;\u00e9valuation des risques en pharmacovigilance (PRAC) a commenc\u00e9 l&rsquo;examen de cinq cas d&rsquo;un syndrome de fuite capillaire caract\u00e9ris\u00e9 par \u00ab\u00a0une fuite de liquide des vaisseaux sanguins, provoquant le gonflement des tissus et une baisse de la pression art\u00e9rielle\u00a0\u00bb. \u00ab\u00a0\u00c0 ce stade, il n&rsquo;est pas encore clair s&rsquo;il existe un lien causal entre la vaccination (avec AstraZeneca, ndlr) et les rapports de syndrome de fuite capillaire\u00a0\u00bb, note l&rsquo;EMA, estimant que ces cas qui lui ont \u00e9t\u00e9 signal\u00e9s peuvent potentiellement \u00eatre associ\u00e9s \u00e0 un m\u00e9dicament.<\/p>\n<p class=\"rtejustify\">L&rsquo;Agence europ\u00e9enne des m\u00e9dicaments ajoute que le PRAC \u00e9valuera toutes les donn\u00e9es disponibles pour d\u00e9terminer si ces cas de fuite capillaire sont li\u00e9s au vaccin anti-Covid d&rsquo;AstraZeneca. Dans le cadre d&rsquo;une autre enqu\u00eate sur le vaccin du laboratoire anglo-su\u00e9dois, l&rsquo;EMA avait jug\u00e9 mercredi que les caillots sanguins devraient \u00eatre r\u00e9pertori\u00e9s comme effet secondaire \u00ab\u00a0tr\u00e8s rare\u00a0\u00bb. Ce probl\u00e8me de coagulation sanguine a conduit plusieurs pays europ\u00e9ens \u00e0 suspendre la vaccination avec AstraZeneca ou \u00e0 fixer une limite d&rsquo;\u00e2ge pour les personnes vaccin\u00e9es.<\/p>\n<p class=\"rtejustify\">Le comit\u00e9 de s\u00e9curit\u00e9 de l&rsquo;EMA a proc\u00e9d\u00e9 \u00e0 un examen approfondi de 62 cas de thrombose c\u00e9r\u00e9brale et de 24 cas de thrombose de la veine splanchnique signal\u00e9s au 22 mars dernier, dont 18 mortels, avant de faire sa conclusion sur le lien entre le vaccin d&rsquo;AstraZeneca et les cas de caillots sanguins signal\u00e9s chez certaines personnes qui l&rsquo;ont re\u00e7u.<\/p>\n<p class=\"rtejustify\">\u00a0<\/p>\n<p>Auteur: mbasraoui<br \/>\n<a href=\"https:\/\/www.leconomiste.com\/flash-infos\/astrazeneca-nouvelle-enquete-de-l-agence-europeenne-des-medicaments\">Cliquez ici pour lire l&rsquo;article depuis sa source.<\/a><\/p>\n","protected":false},"excerpt":{"rendered":"<p>L&rsquo;Agence europ\u00e9enne des m\u00e9dicaments (EMA) a indiqu\u00e9, vendredi, qu&rsquo;elle a lanc\u00e9 une enqu\u00eate sur un possible lien entre le vaccin contre le coronavirus d&rsquo;AstraZeneca et des probl\u00e8mes de vaisseaux sanguins. L&rsquo;EMA pr\u00e9cise que son Comit\u00e9 d&rsquo;\u00e9valuation des risques en pharmacovigilance (PRAC) a commenc\u00e9 l&rsquo;examen de cinq cas d&rsquo;un syndrome de fuite capillaire caract\u00e9ris\u00e9 par \u00ab\u00a0une [&hellip;]<\/p>\n","protected":false},"author":1763,"featured_media":0,"comment_status":"closed","ping_status":"closed","sticky":false,"template":"","format":"standard","meta":{"fifu_image_url":"","fifu_image_alt":"","footnotes":""},"categories":[78,54],"tags":[],"class_list":["post-114605","post","type-post","status-publish","format-standard","hentry","category-economie","category-maroc"],"_links":{"self":[{"href":"https:\/\/linitiative.ca\/International\/wp-json\/wp\/v2\/posts\/114605","targetHints":{"allow":["GET"]}}],"collection":[{"href":"https:\/\/linitiative.ca\/International\/wp-json\/wp\/v2\/posts"}],"about":[{"href":"https:\/\/linitiative.ca\/International\/wp-json\/wp\/v2\/types\/post"}],"author":[{"embeddable":true,"href":"https:\/\/linitiative.ca\/International\/wp-json\/wp\/v2\/users\/1763"}],"replies":[{"embeddable":true,"href":"https:\/\/linitiative.ca\/International\/wp-json\/wp\/v2\/comments?post=114605"}],"version-history":[{"count":0,"href":"https:\/\/linitiative.ca\/International\/wp-json\/wp\/v2\/posts\/114605\/revisions"}],"wp:attachment":[{"href":"https:\/\/linitiative.ca\/International\/wp-json\/wp\/v2\/media?parent=114605"}],"wp:term":[{"taxonomy":"category","embeddable":true,"href":"https:\/\/linitiative.ca\/International\/wp-json\/wp\/v2\/categories?post=114605"},{"taxonomy":"post_tag","embeddable":true,"href":"https:\/\/linitiative.ca\/International\/wp-json\/wp\/v2\/tags?post=114605"}],"curies":[{"name":"wp","href":"https:\/\/api.w.org\/{rel}","templated":true}]}}