{"id":114606,"date":"2021-04-09T13:37:25","date_gmt":"2021-04-09T17:37:25","guid":{"rendered":"https:\/\/linitiative.ca\/International\/coronavirus-625-nouveaux-cas-pres-de-445-millions-de-personnes-vaccinees\/"},"modified":"2021-04-09T13:37:25","modified_gmt":"2021-04-09T17:37:25","slug":"coronavirus-625-nouveaux-cas-pres-de-445-millions-de-personnes-vaccinees","status":"publish","type":"post","link":"https:\/\/linitiative.ca\/International\/coronavirus-625-nouveaux-cas-pres-de-445-millions-de-personnes-vaccinees\/","title":{"rendered":"Coronavirus: 625 nouveaux cas, pr\u00e8s de 4,45 millions de personnes vaccin\u00e9es"},"content":{"rendered":"<p class=\"rtejustify\">Un total de 625 nouveaux cas d&rsquo;infection au coronavirus et de 501 gu\u00e9risons a \u00e9t\u00e9 enregistr\u00e9 au cours des derni\u00e8res 24 heures au Maroc, a annonc\u00e9 vendredi le minist\u00e8re de la Sant\u00e9.<\/p>\n<p class=\"rtejustify\">Le nombre des personnes vaccin\u00e9es \u00e0 ce jour (dose 1) a atteint 4.449.047, alors que 4.103.257 ont re\u00e7u la deuxi\u00e8me dose du vaccin, pr\u00e9cise le minist\u00e8re dans son bulletin quotidien sur la situation de la Covid-19. Ce nouveau bilan porte \u00e0 500.948 le nombre total des contaminations depuis le premier cas signal\u00e9 en mars 2020. Le nombre des personnes r\u00e9tablies est pass\u00e9 \u00e0 487.414, soit un taux de gu\u00e9rison de 97,3 %.<\/p>\n<p class=\"rtejustify\">Quant au nombre total des d\u00e9c\u00e8s, il est pass\u00e9 \u00e0 8.885 , avec 12 nouveaux cas recens\u00e9s en 24 heures, soit un taux de l\u00e9talit\u00e9 de 1,8%.<\/p>\n<p class=\"rtejustify\">Ces d\u00e9c\u00e8s ont \u00e9t\u00e9 enregistr\u00e9s dans les r\u00e9gions de Casablanca-Settat (5), Marrakech-Safi (2), Rabat-Sal\u00e9-K\u00e9nitra (1), Tanger-T\u00e9touan-Al Hoceima (1), l&rsquo;Oriental (1) B\u00e9ni Mellal-Kh\u00e9nifra (1), et F\u00e8s-Mekn\u00e8s (1). Les nouvelles contaminations ont \u00e9t\u00e9 recens\u00e9es dans les r\u00e9gions de Casablanca-Settat (444), Rabat-Sal\u00e9-K\u00e9nitra (56), Marrakech-Safi (36), Souss-Massa (22), Tanger-T\u00e9touan-Al Hoceima (17), La\u00e2youne-Sakia El Hamra (14), Dakhla-Oued Eddahab (14), l&rsquo;Oriental (10), B\u00e9ni Mellal Kh\u00e9nifra (4), Dar\u00e2a-Tafilalet (4), Guelmim-Oued Noun (3), et F\u00e8s-Mekn\u00e8s (1).<\/p>\n<p class=\"rtejustify\">Le nombre des cas actifs s&rsquo;\u00e9l\u00e8ve \u00e0 4.649, tandis que les cas s\u00e9v\u00e8res ou critiques sont au nombre de 442, dont 20 plac\u00e9s sous intubation.<\/p>\n<p class=\"rtejustify\">\u00a0<\/p>\n<p>Auteur: mbasraoui<br \/>\n<a href=\"https:\/\/www.leconomiste.com\/flash-infos\/coronavirus-625-nouveaux-cas-pres-de-4-45-millions-de-personnes-vaccinees\">Cliquez ici pour lire l&rsquo;article depuis sa source.<\/a><\/p>\n","protected":false},"excerpt":{"rendered":"<p>Un total de 625 nouveaux cas d&rsquo;infection au coronavirus et de 501 gu\u00e9risons a \u00e9t\u00e9 enregistr\u00e9 au cours des derni\u00e8res 24 heures au Maroc, a annonc\u00e9 vendredi le minist\u00e8re de la Sant\u00e9. Le nombre des personnes vaccin\u00e9es \u00e0 ce jour (dose 1) a atteint 4.449.047, alors que 4.103.257 ont re\u00e7u la deuxi\u00e8me dose du vaccin, [&hellip;]<\/p>\n","protected":false},"author":1763,"featured_media":0,"comment_status":"closed","ping_status":"closed","sticky":false,"template":"","format":"standard","meta":{"fifu_image_url":"","fifu_image_alt":"","footnotes":""},"categories":[78,54],"tags":[],"class_list":["post-114606","post","type-post","status-publish","format-standard","hentry","category-economie","category-maroc"],"_links":{"self":[{"href":"https:\/\/linitiative.ca\/International\/wp-json\/wp\/v2\/posts\/114606","targetHints":{"allow":["GET"]}}],"collection":[{"href":"https:\/\/linitiative.ca\/International\/wp-json\/wp\/v2\/posts"}],"about":[{"href":"https:\/\/linitiative.ca\/International\/wp-json\/wp\/v2\/types\/post"}],"author":[{"embeddable":true,"href":"https:\/\/linitiative.ca\/International\/wp-json\/wp\/v2\/users\/1763"}],"replies":[{"embeddable":true,"href":"https:\/\/linitiative.ca\/International\/wp-json\/wp\/v2\/comments?post=114606"}],"version-history":[{"count":0,"href":"https:\/\/linitiative.ca\/International\/wp-json\/wp\/v2\/posts\/114606\/revisions"}],"wp:attachment":[{"href":"https:\/\/linitiative.ca\/International\/wp-json\/wp\/v2\/media?parent=114606"}],"wp:term":[{"taxonomy":"category","embeddable":true,"href":"https:\/\/linitiative.ca\/International\/wp-json\/wp\/v2\/categories?post=114606"},{"taxonomy":"post_tag","embeddable":true,"href":"https:\/\/linitiative.ca\/International\/wp-json\/wp\/v2\/tags?post=114606"}],"curies":[{"name":"wp","href":"https:\/\/api.w.org\/{rel}","templated":true}]}}