{"id":114609,"date":"2021-04-09T15:14:12","date_gmt":"2021-04-09T19:14:12","guid":{"rendered":"https:\/\/linitiative.ca\/International\/international-ol-la-piste-aissa-mandi-tombe-a-leau\/"},"modified":"2021-04-09T15:14:12","modified_gmt":"2021-04-09T19:14:12","slug":"international-ol-la-piste-aissa-mandi-tombe-a-leau","status":"publish","type":"post","link":"https:\/\/linitiative.ca\/International\/international-ol-la-piste-aissa-mandi-tombe-a-leau\/","title":{"rendered":"International : OL : La piste A\u00efssa Mandi tombe \u00e0 l\u2019eau"},"content":{"rendered":"<div readability=\"32\">\n<p>Auteur : <span class=\"time\">vendredi 09 avril 2021 18:00<\/span><\/p>\n<\/div>\n<div id=\"post_core\" readability=\"43\">\n<p>En fin de contrat avec le Betis Seville, le d\u00e9fenseur central fait partie des bonnes affaires \u00e0 saisir. N\u00e9anmoins selon\u00a0Estadio Deportivo et Les-Transferts, les Gones peut d\u2019ores et d\u00e9j\u00e0 se tourner vers d\u2019autres pistes. En effet, l\u2019international alg\u00e9rien ne fera pas son retour en Ligue 1.<\/p>\n<p>Ce dernier aurait d\u00e9cid\u00e9 de s\u2019offrir un nouveau challenge. Il se serait mis d\u2019accord avec l\u2019Inter Milan pour un contrat de quatre ans et un salaire annuel de deux millions d\u2019euros.<\/p>\n<p><strong>Publi\u00e9 dans :<\/strong> <span>OL : A\u00efssa Mandi<\/span><\/p>\n<\/div>\n<p>Auteur:<br \/>\n<a href=\"http:\/\/www.lebuteur.com\/article\/detail?titre=ol-la-piste-aissa-mandi-tombe-a-leau&#038;id=99662&#038;utm_source=feedburner&#038;utm_medium=feed&#038;utm_campaign=Feed%3A+GalerieFArtciles+%28Les+derniers+articles++-+lebuteur.com%29\">Cliquez ici pour lire l&rsquo;article depuis sa source.<\/a><\/p>\n","protected":false},"excerpt":{"rendered":"<p>Auteur : vendredi 09 avril 2021 18:00 En fin de contrat avec le Betis Seville, le d\u00e9fenseur central fait partie des bonnes affaires \u00e0 saisir. N\u00e9anmoins selon\u00a0Estadio Deportivo et Les-Transferts, les Gones peut d\u2019ores et d\u00e9j\u00e0 se tourner vers d\u2019autres pistes. En effet, l\u2019international alg\u00e9rien ne fera pas son retour en Ligue 1. Ce dernier [&hellip;]<\/p>\n","protected":false},"author":1738,"featured_media":0,"comment_status":"closed","ping_status":"closed","sticky":false,"template":"","format":"standard","meta":{"fifu_image_url":"\/\/cdn.lebuteur.com\/data\/images\/article\/thumbs\/large-ol-la-piste-aissa-mandi-tombe-a-leau-74278.jpg","fifu_image_alt":"International : OL : La piste A\u00efssa Mandi tombe \u00e0 l\u2019eau","footnotes":""},"categories":[53,75],"tags":[],"class_list":["post-114609","post","type-post","status-publish","format-standard","hentry","category-algerie","category-sport"],"_links":{"self":[{"href":"https:\/\/linitiative.ca\/International\/wp-json\/wp\/v2\/posts\/114609","targetHints":{"allow":["GET"]}}],"collection":[{"href":"https:\/\/linitiative.ca\/International\/wp-json\/wp\/v2\/posts"}],"about":[{"href":"https:\/\/linitiative.ca\/International\/wp-json\/wp\/v2\/types\/post"}],"author":[{"embeddable":true,"href":"https:\/\/linitiative.ca\/International\/wp-json\/wp\/v2\/users\/1738"}],"replies":[{"embeddable":true,"href":"https:\/\/linitiative.ca\/International\/wp-json\/wp\/v2\/comments?post=114609"}],"version-history":[{"count":0,"href":"https:\/\/linitiative.ca\/International\/wp-json\/wp\/v2\/posts\/114609\/revisions"}],"wp:attachment":[{"href":"https:\/\/linitiative.ca\/International\/wp-json\/wp\/v2\/media?parent=114609"}],"wp:term":[{"taxonomy":"category","embeddable":true,"href":"https:\/\/linitiative.ca\/International\/wp-json\/wp\/v2\/categories?post=114609"},{"taxonomy":"post_tag","embeddable":true,"href":"https:\/\/linitiative.ca\/International\/wp-json\/wp\/v2\/tags?post=114609"}],"curies":[{"name":"wp","href":"https:\/\/api.w.org\/{rel}","templated":true}]}}