{"id":114610,"date":"2021-04-09T15:14:14","date_gmt":"2021-04-09T19:14:14","guid":{"rendered":"https:\/\/linitiative.ca\/International\/international-italie-de-rossi-hospitalise-a-rome\/"},"modified":"2021-04-09T15:14:14","modified_gmt":"2021-04-09T19:14:14","slug":"international-italie-de-rossi-hospitalise-a-rome","status":"publish","type":"post","link":"https:\/\/linitiative.ca\/International\/international-italie-de-rossi-hospitalise-a-rome\/","title":{"rendered":"International : Italie : De Rossi hospitalis\u00e9 \u00e0 Rome"},"content":{"rendered":"<div readability=\"32\">\n<p>Auteur : <span class=\"time\">vendredi 09 avril 2021 18:50<\/span><\/p>\n<\/div>\n<div id=\"post_core\" readability=\"48\">\n<p>Appartenant d\u00e9sormais au staff technique des Azzurri de Roberto Mancini, l\u2019int\u00e9ress\u00e9 compte parmi les nombreux Italiens d\u00e9clar\u00e9s positifs \u00e0 la covid-19 \u00e0 l\u2019issue de la derni\u00e8re tr\u00eave internationale.<\/p>\n<p>Comme quatre autres membres de l\u2019encadrement transalpin, les joueurs que sont Verratti, Florenzi, Bonucci, Cragno, Grifo, Bernardeschi, Sirigu et Pessina ont tous contract\u00e9 le virus en s\u00e9lection ces jours-ci. Source : Football.<\/p>\n<p><strong>Publi\u00e9 dans :<\/strong> <span>Italie<\/span> <span>de rossi<\/span><\/p>\n<\/div>\n<p>Auteur:<br \/>\n<a href=\"http:\/\/www.lebuteur.com\/article\/detail?titre=italie-de-rossi-hospitalise-a-rome&#038;id=99663&#038;utm_source=feedburner&#038;utm_medium=feed&#038;utm_campaign=Feed%3A+GalerieFArtciles+%28Les+derniers+articles++-+lebuteur.com%29\">Cliquez ici pour lire l&rsquo;article depuis sa source.<\/a><\/p>\n","protected":false},"excerpt":{"rendered":"<p>Auteur : vendredi 09 avril 2021 18:50 Appartenant d\u00e9sormais au staff technique des Azzurri de Roberto Mancini, l\u2019int\u00e9ress\u00e9 compte parmi les nombreux Italiens d\u00e9clar\u00e9s positifs \u00e0 la covid-19 \u00e0 l\u2019issue de la derni\u00e8re tr\u00eave internationale. Comme quatre autres membres de l\u2019encadrement transalpin, les joueurs que sont Verratti, Florenzi, Bonucci, Cragno, Grifo, Bernardeschi, Sirigu et Pessina [&hellip;]<\/p>\n","protected":false},"author":1738,"featured_media":0,"comment_status":"closed","ping_status":"closed","sticky":false,"template":"","format":"standard","meta":{"fifu_image_url":"\/\/cdn.lebuteur.com\/data\/images\/article\/thumbs\/large-italie-de-rossi-hospitalise-a-rome-ca850.jpg","fifu_image_alt":"International : Italie : De Rossi hospitalis\u00e9 \u00e0 Rome","footnotes":""},"categories":[53,75],"tags":[],"class_list":["post-114610","post","type-post","status-publish","format-standard","hentry","category-algerie","category-sport"],"_links":{"self":[{"href":"https:\/\/linitiative.ca\/International\/wp-json\/wp\/v2\/posts\/114610","targetHints":{"allow":["GET"]}}],"collection":[{"href":"https:\/\/linitiative.ca\/International\/wp-json\/wp\/v2\/posts"}],"about":[{"href":"https:\/\/linitiative.ca\/International\/wp-json\/wp\/v2\/types\/post"}],"author":[{"embeddable":true,"href":"https:\/\/linitiative.ca\/International\/wp-json\/wp\/v2\/users\/1738"}],"replies":[{"embeddable":true,"href":"https:\/\/linitiative.ca\/International\/wp-json\/wp\/v2\/comments?post=114610"}],"version-history":[{"count":0,"href":"https:\/\/linitiative.ca\/International\/wp-json\/wp\/v2\/posts\/114610\/revisions"}],"wp:attachment":[{"href":"https:\/\/linitiative.ca\/International\/wp-json\/wp\/v2\/media?parent=114610"}],"wp:term":[{"taxonomy":"category","embeddable":true,"href":"https:\/\/linitiative.ca\/International\/wp-json\/wp\/v2\/categories?post=114610"},{"taxonomy":"post_tag","embeddable":true,"href":"https:\/\/linitiative.ca\/International\/wp-json\/wp\/v2\/tags?post=114610"}],"curies":[{"name":"wp","href":"https:\/\/api.w.org\/{rel}","templated":true}]}}