{"id":114611,"date":"2021-04-09T15:14:16","date_gmt":"2021-04-09T19:14:16","guid":{"rendered":"https:\/\/linitiative.ca\/International\/equipe-dalgerie-stage-de-len-lag-de-la-faf-et-les-prochaines-echeances-des-verts-les-precisions-de-belmadi\/"},"modified":"2021-04-09T15:14:16","modified_gmt":"2021-04-09T19:14:16","slug":"equipe-dalgerie-stage-de-len-lag-de-la-faf-et-les-prochaines-echeances-des-verts-les-precisions-de-belmadi","status":"publish","type":"post","link":"https:\/\/linitiative.ca\/International\/equipe-dalgerie-stage-de-len-lag-de-la-faf-et-les-prochaines-echeances-des-verts-les-precisions-de-belmadi\/","title":{"rendered":"Equipe d&rsquo;Alg\u00e9rie : Stage de l\u2019EN, l\u2019AG de la FAF et les prochaines \u00e9ch\u00e9ances des Verts\u2026 les pr\u00e9cisions de Belmadi"},"content":{"rendered":"<div readability=\"32\">\n<p>Auteur : <span class=\"time\">vendredi 09 avril 2021 19:20<\/span><\/p>\n<\/div>\n<div id=\"post_core\" readability=\"54\">\n<p>Via le site de la FAF, le s\u00e9lectionneur national, Djamel Belamdi a tenu \u00e0 apporter des pr\u00e9cisions\u00a0 au sujet du d\u00e9roulement du pr\u00e9c\u00e9dent stage de l\u2019EN\u00a0:\u00a0\u00abA ce propos, M. BELMADI estime que ce stage s\u2019est d\u00e9roul\u00e9 dans des conditions chaotiques ne lui permettant pas d\u2019\u00eatre dans des positions et dans des dispositions \u00e0 m\u00eame de mener \u00e0 bien ses missions d\u2019entra\u00eeneur. Cela a m\u00eame perturb\u00e9 s\u00e9rieusement les joueurs, ce qui est inadmissible \u00e0 l\u2019\u00e9chelle d\u2019une s\u00e9lection.\u00bb lit-on sur le site de la FAF.\u00a0<\/p>\n<p>\u00abTout ce marasme v\u00e9cu et cette ambiance pesante, en rapport avec les prochaines \u00e9lections de la F\u00e9d\u00e9ration alg\u00e9rienne de football, inqui\u00e8tent fortement le s\u00e9lectionneur national qui ne veut pas \u00eatre m\u00eal\u00e9 \u00e0 d\u2019autres consid\u00e9rations en dehors de ses pr\u00e9rogatives, de son cadre professionnel et de ses engagements avec l\u2019\u00e9quipe nationale. M. Belmadi ne veut en aucun cas \u00eatre le soutien de qui que ce soit, ni voir son nom li\u00e9 ou utilis\u00e9 dans le cadre d\u2019un quelconque programme voire pour des desseins populistes, estimant qu\u2019il s\u2019\u00e9tait engag\u00e9 avec la premi\u00e8re s\u00e9lection du pays uniquement pour des objectifs sportifs bien pr\u00e9cis.\u00bb a ajout\u00e9 la FAF sur son site internet.<\/p>\n<p>Le s\u00e9lectionneur national, Djamel Belmadi s\u2019est dit inquiet par rapport \u00e0 cette situation qui\u00a0\u00abl\u2019inqui\u00e8te au plus haut point et risque de compromettre s\u00e9rieusement l\u2019avenir des Verts lors des prochaines \u00e9ch\u00e9ances.\u00bb<\/p>\n<p><strong>Publi\u00e9 dans :<\/strong> <span>Belmadi<\/span><\/p>\n<\/div>\n<p>Auteur:<br \/>\n<a href=\"http:\/\/www.lebuteur.com\/article\/detail?titre=stage-de-len-lag-de-la-faf-et-les-prochaines-echeances-des-verts%E2%80%A6-les-precisions-de-belmadi&#038;id=99664&#038;utm_source=feedburner&#038;utm_medium=feed&#038;utm_campaign=Feed%3A+GalerieFArtciles+%28Les+derniers+articles++-+lebuteur.com%29\">Cliquez ici pour lire l&rsquo;article depuis sa source.<\/a><\/p>\n","protected":false},"excerpt":{"rendered":"<p>Auteur : vendredi 09 avril 2021 19:20 Via le site de la FAF, le s\u00e9lectionneur national, Djamel Belamdi a tenu \u00e0 apporter des pr\u00e9cisions\u00a0 au sujet du d\u00e9roulement du pr\u00e9c\u00e9dent stage de l\u2019EN\u00a0:\u00a0\u00abA ce propos, M. BELMADI estime que ce stage s\u2019est d\u00e9roul\u00e9 dans des conditions chaotiques ne lui permettant pas d\u2019\u00eatre dans des positions [&hellip;]<\/p>\n","protected":false},"author":1738,"featured_media":0,"comment_status":"closed","ping_status":"closed","sticky":false,"template":"","format":"standard","meta":{"fifu_image_url":"\/\/cdn.lebuteur.com\/data\/images\/article\/thumbs\/large-99664stage-de-len-lag-de-la-faf-et-les-prochaines-echeances-des-verts\u2026-les-precisions-de-belmadi-8fec9.jpg","fifu_image_alt":"Equipe d'Alg\u00e9rie : Stage de l\u2019EN, l\u2019AG de la FAF et les prochaines \u00e9ch\u00e9ances des Verts\u2026 les pr\u00e9cisions de Belmadi","footnotes":""},"categories":[53,75],"tags":[],"class_list":["post-114611","post","type-post","status-publish","format-standard","hentry","category-algerie","category-sport"],"_links":{"self":[{"href":"https:\/\/linitiative.ca\/International\/wp-json\/wp\/v2\/posts\/114611","targetHints":{"allow":["GET"]}}],"collection":[{"href":"https:\/\/linitiative.ca\/International\/wp-json\/wp\/v2\/posts"}],"about":[{"href":"https:\/\/linitiative.ca\/International\/wp-json\/wp\/v2\/types\/post"}],"author":[{"embeddable":true,"href":"https:\/\/linitiative.ca\/International\/wp-json\/wp\/v2\/users\/1738"}],"replies":[{"embeddable":true,"href":"https:\/\/linitiative.ca\/International\/wp-json\/wp\/v2\/comments?post=114611"}],"version-history":[{"count":0,"href":"https:\/\/linitiative.ca\/International\/wp-json\/wp\/v2\/posts\/114611\/revisions"}],"wp:attachment":[{"href":"https:\/\/linitiative.ca\/International\/wp-json\/wp\/v2\/media?parent=114611"}],"wp:term":[{"taxonomy":"category","embeddable":true,"href":"https:\/\/linitiative.ca\/International\/wp-json\/wp\/v2\/categories?post=114611"},{"taxonomy":"post_tag","embeddable":true,"href":"https:\/\/linitiative.ca\/International\/wp-json\/wp\/v2\/tags?post=114611"}],"curies":[{"name":"wp","href":"https:\/\/api.w.org\/{rel}","templated":true}]}}