{"id":114612,"date":"2021-04-09T13:22:31","date_gmt":"2021-04-09T17:22:31","guid":{"rendered":"https:\/\/linitiative.ca\/International\/vendredi-112-la-mobilisation-se-maintient\/"},"modified":"2021-04-09T13:22:31","modified_gmt":"2021-04-09T17:22:31","slug":"vendredi-112-la-mobilisation-se-maintient","status":"publish","type":"post","link":"https:\/\/linitiative.ca\/International\/vendredi-112-la-mobilisation-se-maintient\/","title":{"rendered":"Vendredi 112 : La mobilisation se maintient"},"content":{"rendered":"<h4 class=\"title-14\"\/>\n<div class=\"featured_image\"><img loading=\"lazy\" decoding=\"async\" width=\"528\" height=\"418\" src=\"https:\/\/www.elwatan.com\/wp-content\/uploads\/2021\/04\/PSX_20210409_191658.jpg\" class=\"attachment-post-thumbnail size-post-thumbnail wp-post-image\" alt=\"\" srcset=\"https:\/\/www.elwatan.com\/wp-content\/uploads\/2021\/04\/PSX_20210409_191658.jpg 528w, https:\/\/www.elwatan.com\/wp-content\/uploads\/2021\/04\/PSX_20210409_191658-300x238.jpg 300w\" sizes=\"auto, (max-width: 528px) 100vw, 528px\"\/><\/div>\n<p><em><strong>La mobilisation s\u2019est maintenue aujourd\u2019hui \u00e0 l\u2019occasion du 112e vendredi du Hirak, \u00e0 travers plusieurs villes du pays, notamment la capitale o\u00f9 il y avait, au moins, le m\u00eame flux de manifestants par rapport aux pr\u00e9c\u00e9dentes semaines depuis le retour du mouvement populaire qui a intervenu le 22 f\u00e9vrier dernier.<\/strong><\/em><\/p>\n<p>Des milliers de manifestants ont sillonn\u00e9 les parcours habituels scandant les slogans relatifs \u00e0 l\u2019\u00e9tat de droit et \u00e0 la d\u00e9mocratie entre autre mais aussi pour r\u00e9clamer la lib\u00e9ration des hirakistes d\u00e9tenus. C\u2019\u00e9tait aussi une occasion pour les manifestants de d\u00e9noncer la visite du Premier ministre fran\u00e7ais, Jean Castex, qui \u00e9tait pr\u00e9vue aujourd\u2019hui et qui a \u00e9t\u00e9 annul\u00e9e \u00e0 la derni\u00e8re minute.<br \/>Appel\u00e9 par beaucoup de militants et activistes \u00abvendredi de l\u2019unit\u00e9\u00bb, des hommes politiques et d\u00e9fenseurs des droits de l\u2019homme ont tenu \u00e0 marcher ensemble. Parmi eux, on retrouve par exemple l\u2019avocat Mustapha Bouchachi, le pr\u00e9sident de l\u2019association RAJ, Abdelouahab Fersaoui, l\u2019ancien secr\u00e9taire national du front des forces socialistes (FFS), Ali Laskri et le sociologue Nacer Djabi. Le pr\u00e9sident du Rassemblement pour la culture et la d\u00e9mocratie (RCD), Mohcine Belabbes, et Karim Tabou, responsable de la formation non agr\u00e9e Union d\u00e9mocratique et sociale (UDS) ont aussi pris part \u00e0 ce 112e vendredi.<br \/>Par ailleurs, les manifestants ont scand\u00e9 des slogans r\u00e9clamant la lib\u00e9ration de d\u00e9tenus. \u00abLib\u00e9rez nos enfants\u00bb, \u00abPrenez nous tous en prison, le peuple ne s\u2019arr\u00eatera pas\u00bb ou \u00abD\u00e9tenus, on ne s\u2019arr\u00eatera pas\u00bb, ont-ils cri\u00e9 plus d\u2019une fois. Les portraits des derniers activistes arr\u00eat\u00e9s, tels que le po\u00e8te du Hirak, Mohamed Tadjadit, mais des autres aussi, ont \u00e9t\u00e9 brandis par plus d\u2019un. L\u2019enfant de 15 ans S. C. n\u2019a pas \u00e9t\u00e9 oubli\u00e9 puisque son nom a retenti dans les rues d\u2019Alger, les hirakistes lui ayant exprim\u00e9 leur solidarit\u00e9. Les \u00abhirakistes\u00bb ont \u00e9galement r\u00e9affirm\u00e9 leur position pour le rejet des l\u00e9gislatives du 12 juin prochain. \u00abLes \u00e9lections sont une farce. Le probl\u00e8me est dans la l\u00e9gitimit\u00e9\u00bb, ont-ils cri\u00e9 \u00e0 cet effet. C\u2019est vers 16h que les manifestants ont commenc\u00e9 \u00e0 quitter les lieux.<\/p>\n<p><span class=\"post-views-label\">Post Views:<\/span> <span class=\"post-views-count\">332<\/span><\/p>\n<p><br class=\"c2\"\/><\/p>\n<div class=\"ichhar-moneytagnative c5\" id=\"ichhar-1229720922\">\n<p>Advertisements<\/p>\n<\/div>\n<p><br class=\"c2\"\/><br \/>\n<br class=\"c6\"\/><\/p>\n<p>Auteur: Mohand Yahiaoui<br \/>\n<a href=\"https:\/\/www.elwatan.com\/edition\/actualite\/vendredi-112-la-mobilisation-se-maintient-09-04-2021\">Cliquez ici pour lire l&rsquo;article depuis sa source.<\/a><\/p>\n","protected":false},"excerpt":{"rendered":"<p>La mobilisation s\u2019est maintenue aujourd\u2019hui \u00e0 l\u2019occasion du 112e vendredi du Hirak, \u00e0 travers plusieurs villes du pays, notamment la capitale o\u00f9 il y avait, au moins, le m\u00eame flux de manifestants par rapport aux pr\u00e9c\u00e9dentes semaines depuis le retour du mouvement populaire qui a intervenu le 22 f\u00e9vrier dernier. Des milliers de manifestants ont [&hellip;]<\/p>\n","protected":false},"author":1743,"featured_media":0,"comment_status":"closed","ping_status":"closed","sticky":false,"template":"","format":"standard","meta":{"fifu_image_url":"https:\/\/www.elwatan.com\/wp-content\/uploads\/2021\/04\/PSX_20210409_191658.jpg","fifu_image_alt":"Vendredi 112 : La mobilisation se maintient","footnotes":""},"categories":[73,53],"tags":[],"class_list":["post-114612","post","type-post","status-publish","format-standard","hentry","category-actualite","category-algerie"],"_links":{"self":[{"href":"https:\/\/linitiative.ca\/International\/wp-json\/wp\/v2\/posts\/114612","targetHints":{"allow":["GET"]}}],"collection":[{"href":"https:\/\/linitiative.ca\/International\/wp-json\/wp\/v2\/posts"}],"about":[{"href":"https:\/\/linitiative.ca\/International\/wp-json\/wp\/v2\/types\/post"}],"author":[{"embeddable":true,"href":"https:\/\/linitiative.ca\/International\/wp-json\/wp\/v2\/users\/1743"}],"replies":[{"embeddable":true,"href":"https:\/\/linitiative.ca\/International\/wp-json\/wp\/v2\/comments?post=114612"}],"version-history":[{"count":0,"href":"https:\/\/linitiative.ca\/International\/wp-json\/wp\/v2\/posts\/114612\/revisions"}],"wp:attachment":[{"href":"https:\/\/linitiative.ca\/International\/wp-json\/wp\/v2\/media?parent=114612"}],"wp:term":[{"taxonomy":"category","embeddable":true,"href":"https:\/\/linitiative.ca\/International\/wp-json\/wp\/v2\/categories?post=114612"},{"taxonomy":"post_tag","embeddable":true,"href":"https:\/\/linitiative.ca\/International\/wp-json\/wp\/v2\/tags?post=114612"}],"curies":[{"name":"wp","href":"https:\/\/api.w.org\/{rel}","templated":true}]}}