{"id":114613,"date":"2021-04-09T14:45:08","date_gmt":"2021-04-09T18:45:08","guid":{"rendered":"https:\/\/linitiative.ca\/International\/algerie-france-said-chanegriha-recoit-le-chef-detat-major-des-armees-francaises\/"},"modified":"2021-04-09T14:45:08","modified_gmt":"2021-04-09T18:45:08","slug":"algerie-france-said-chanegriha-recoit-le-chef-detat-major-des-armees-francaises","status":"publish","type":"post","link":"https:\/\/linitiative.ca\/International\/algerie-france-said-chanegriha-recoit-le-chef-detat-major-des-armees-francaises\/","title":{"rendered":"Alg\u00e9rie-France : Sa\u00efd Chanegriha re\u00e7oit le chef d\u2019Etat-major des Arm\u00e9es fran\u00e7aises"},"content":{"rendered":"<h4 class=\"title-14\"\/>\n<p>Le g\u00e9n\u00e9ral de Corps d\u2019Arm\u00e9e Sa\u00efd Chanegriha, chef d\u2019\u00e9tat-major de l\u2019Arm\u00e9e nationale populaire (ANP), a re\u00e7u jeudi au si\u00e8ge de l\u2019Etat-major de l\u2019ANP, le g\u00e9n\u00e9ral d\u2019arm\u00e9e, Fran\u00e7ois Lecointre, chef d\u2019Etat-major des Arm\u00e9es fran\u00e7aises, indique un communiqu\u00e9 du minist\u00e8re de la D\u00e9fense nationale (MDN).<\/p>\n<p>Ont pris part \u00e0 cette rencontre, \u00ab\u00a0le secr\u00e9taire g\u00e9n\u00e9ral du minist\u00e8re de la D\u00e9fense nationale par int\u00e9rim, les commandants de Forces et de la Gendarmerie nationale, les chefs de D\u00e9partements et les directeurs centraux du minist\u00e8re de la D\u00e9fense nationale et de l\u2019Etat-major de l\u2019ANP, ainsi que les membres de la d\u00e9l\u00e9gation militaire fran\u00e7aise\u00a0\u00bb, pr\u00e9cise le communiqu\u00e9.<\/p>\n<p>\u00ab\u00a0Cette rencontre a constitu\u00e9 une occasion pour les deux parties afin de discuter de l\u2019\u00e9tat de la coop\u00e9ration militaire entre les deux pays et \u00e9changer les analyses et points de vue sur les questions d\u2019int\u00e9r\u00eat commun\u00a0\u00bb, pr\u00e9cise la m\u00eame source, ajoute la m\u00eame source. \u00ab\u00a0L\u2019Alg\u00e9rie consid\u00e8re que la stabilit\u00e9 et la s\u00e9curit\u00e9 de son voisinage sont directement li\u00e9es \u00e0 sa s\u00e9curit\u00e9. Pour cela, d\u2019\u00e9normes efforts sont consentis par mon pays \u00e0 travers l\u2019adaptation des dispositifs militaires tout au long des fronti\u00e8res, en vue de concr\u00e9tiser la stabilit\u00e9 dans les pays de l\u2019espace m\u00e9diterran\u00e9en\u00a0\u00bb, a affirm\u00e9 le g\u00e9n\u00e9ral de Corps d\u2019Arm\u00e9e Sa\u00efd Chanegriha. \u00ab\u00a0A cet effet, consciente de l\u2019ampleur du danger que repr\u00e9sente le terrorisme sur la paix et la stabilit\u00e9 r\u00e9gionales, l\u2019Alg\u00e9rie n\u2019a pas l\u00e9sin\u00e9 sur les initiatives et le soutien en direction de ses voisins pour coordonner les efforts sur la base d\u2019une vision commune, \u00e0 travers le m\u00e9canisme du Comit\u00e9 d\u2019\u00e9tat-major op\u00e9rationnel conjoint (CEMOC)\u00a0\u00bb, a-t-il ajout\u00e9. A cette occasion, le g\u00e9n\u00e9ral de Corps d\u2019Arm\u00e9e a \u00e9voqu\u00e9 \u00ab\u00a0la probl\u00e9matique li\u00e9e \u00e0 la r\u00e9habilitation des deux anciens sites d\u2019essais nucl\u00e9aires fran\u00e7ais, \u00e0 Reggane et In-Ikker\u00a0\u00bb. \u00ab\u00a0Je tiens \u00e0 \u00e9voquer la probl\u00e9matique des n\u00e9gociations, au sein du Groupe alg\u00e9ro-fran\u00e7ais, au sujet des anciens sites d\u2019essais nucl\u00e9aires et des autres essais au Sahara alg\u00e9rien, o\u00f9 nous attendons votre soutien, lors de la 17\u00e8me session du groupe mixte alg\u00e9ro-fran\u00e7ais, pr\u00e9vue en mai 2021, pour la prise en charge d\u00e9finitive des op\u00e9rations de r\u00e9habilitation des sites de Reggane et In Ekker, ainsi que votre assistance pour nous fournir les cartes topographiques permettant la localisation des zones d\u2019enfouissement, non d\u00e9couvertes \u00e0 ce jour, des d\u00e9chets contamin\u00e9s, radioactifs ou chimiques\u00a0\u00bb, a-t-il indiqu\u00e9. A l\u2019issue de la rencontre, les deux parties ont \u00e9chang\u00e9 des pr\u00e9sents symboliques. Le g\u00e9n\u00e9ral d\u2019arm\u00e9e Fran\u00e7ois Lecointre a, ensuite, sign\u00e9 le livre d\u2019or de l\u2019Etat-major de l\u2019ANP, indique le communiqu\u00e9, notant qu\u2019\u00e0 la fin de cette visite, la d\u00e9l\u00e9gation fran\u00e7aise a d\u00e9pos\u00e9 une gerbe de fleurs au m\u00e9morial des martyrs \u00ab\u00a0Makam Echahid\u00a0\u00bb.<\/p>\n<p><span class=\"post-views-label\">Post Views:<\/span> <span class=\"post-views-count\">167<\/span><\/p>\n<p><br class=\"c2\"\/><\/p>\n<div class=\"ichhar-moneytagnative c5\" id=\"ichhar-1157469749\">\n<p>Advertisements<\/p>\n<\/div>\n<p><br class=\"c2\"\/><br \/>\n<br class=\"c6\"\/><\/p>\n<p>Auteur: Mohand Yahiaoui<br \/>\n<a href=\"https:\/\/www.elwatan.com\/edition\/actualite\/algerie-france-said-chanegriha-recoit-le-chef-detat-major-des-armees-francaises-09-04-2021\">Cliquez ici pour lire l&rsquo;article depuis sa source.<\/a><\/p>\n","protected":false},"excerpt":{"rendered":"<p>Le g\u00e9n\u00e9ral de Corps d\u2019Arm\u00e9e Sa\u00efd Chanegriha, chef d\u2019\u00e9tat-major de l\u2019Arm\u00e9e nationale populaire (ANP), a re\u00e7u jeudi au si\u00e8ge de l\u2019Etat-major de l\u2019ANP, le g\u00e9n\u00e9ral d\u2019arm\u00e9e, Fran\u00e7ois Lecointre, chef d\u2019Etat-major des Arm\u00e9es fran\u00e7aises, indique un communiqu\u00e9 du minist\u00e8re de la D\u00e9fense nationale (MDN). Ont pris part \u00e0 cette rencontre, \u00ab\u00a0le secr\u00e9taire g\u00e9n\u00e9ral du minist\u00e8re de [&hellip;]<\/p>\n","protected":false},"author":1743,"featured_media":0,"comment_status":"closed","ping_status":"closed","sticky":false,"template":"","format":"standard","meta":{"fifu_image_url":"","fifu_image_alt":"","footnotes":""},"categories":[73,53],"tags":[],"class_list":["post-114613","post","type-post","status-publish","format-standard","hentry","category-actualite","category-algerie"],"_links":{"self":[{"href":"https:\/\/linitiative.ca\/International\/wp-json\/wp\/v2\/posts\/114613","targetHints":{"allow":["GET"]}}],"collection":[{"href":"https:\/\/linitiative.ca\/International\/wp-json\/wp\/v2\/posts"}],"about":[{"href":"https:\/\/linitiative.ca\/International\/wp-json\/wp\/v2\/types\/post"}],"author":[{"embeddable":true,"href":"https:\/\/linitiative.ca\/International\/wp-json\/wp\/v2\/users\/1743"}],"replies":[{"embeddable":true,"href":"https:\/\/linitiative.ca\/International\/wp-json\/wp\/v2\/comments?post=114613"}],"version-history":[{"count":0,"href":"https:\/\/linitiative.ca\/International\/wp-json\/wp\/v2\/posts\/114613\/revisions"}],"wp:attachment":[{"href":"https:\/\/linitiative.ca\/International\/wp-json\/wp\/v2\/media?parent=114613"}],"wp:term":[{"taxonomy":"category","embeddable":true,"href":"https:\/\/linitiative.ca\/International\/wp-json\/wp\/v2\/categories?post=114613"},{"taxonomy":"post_tag","embeddable":true,"href":"https:\/\/linitiative.ca\/International\/wp-json\/wp\/v2\/tags?post=114613"}],"curies":[{"name":"wp","href":"https:\/\/api.w.org\/{rel}","templated":true}]}}