{"id":114614,"date":"2021-04-08T16:50:00","date_gmt":"2021-04-08T20:50:00","guid":{"rendered":"https:\/\/linitiative.ca\/International\/kamel-ayadi-parmi-le-jury-pour-le-prix-mondial-etat-de-droit-en-temps-de-crise\/"},"modified":"2021-04-08T16:50:00","modified_gmt":"2021-04-08T20:50:00","slug":"kamel-ayadi-parmi-le-jury-pour-le-prix-mondial-etat-de-droit-en-temps-de-crise","status":"publish","type":"post","link":"https:\/\/linitiative.ca\/International\/kamel-ayadi-parmi-le-jury-pour-le-prix-mondial-etat-de-droit-en-temps-de-crise\/","title":{"rendered":"Kamel Ayadi parmi le jury pour le Prix Mondial  \u2018\u2019Etat de droit en temps de crise\u2019\u2019"},"content":{"rendered":"<p><img decoding=\"async\" src=\"\/uploads\/FCK_files\/Jurys-Prix-mondial-WJP.jpg\" width=\"50%\" vspace=\"5\" hspace=\"5\" align=\"left\" alt=\"\"\/>Kamel Ayadi, l\u2019ancien Ministre de la Fonction Publique, de la Gouvernance et la Lutte Anti-corruption a \u00e9t\u00e9 choisi comme membre du jury du prestigieux prix Mondial \u2018\u2019faire progresser l\u2019Etat de Droit en temps de crise\u2019\u2019. Ce prix qui est\u00a0 remis traditionnellement \u00e0 la Haye \u00e0 l\u2019occasion du forum mondial de la Justice, sera d\u00e9cern\u00e9 cette ann\u00e9e pour les cinq meilleurs projets qui ont eu le plus d\u2019impact sur la promotion de l\u2019Etat de Droit durant la crise pand\u00e9mique.<\/p>\n<p>La s\u00e9lection des laur\u00e9ats du prix a d\u00e9j\u00e0 \u00e9t\u00e9 lanc\u00e9e pour choisir 5 parmi les 425 organisations candidates de 114 pays qui se sont pr\u00e9sent\u00e9es \u00e0 ce concours serr\u00e9. Un prestigieux panel compos\u00e9 d\u2019une dizaine de jurys dont, Danilo Turk, l\u2019ancien pr\u00e9sident de la R\u00e9publique de Slov\u00e9nie et actuel Pr\u00e9sident du Club de Madrid, Laura Chinchilla l\u2019ancienne pr\u00e9sidente du Costa Rica et actuelle vice-pr\u00e9sidente du club de Madrid, en plus du vice-pr\u00e9sident de Microsoft, et d\u2019autres personnalit\u00e9s de renom telles que l\u2019ancienne chef du gouvernement s\u00e9n\u00e9galais, le chef de la Justice du Canada et l\u2019actuel b\u00e2tonnier du barreau am\u00e9ricain a \u00e9t\u00e9 choisi pour prononcer le verdict final sur les cinq heureux gagnants pour chacune des 4 th\u00e9matiques retenues, \u00e0 savoir. Gouvernement ouvert et Anti-corruption, Acc\u00e8s \u00e0 la justice pour tous, droits fondamentaux et non-discrimination, gouvernance et redevabilit\u00e9. Kamel Ayadi aura la charge d\u2019\u00e9valuer les candidatures au titre du prix relatif \u00e0 la th\u00e9matique Gouvernement ouvert et Anti-corruption et\u00a0 proposer le r\u00e9cipiendaire du prix .Le processus de s\u00e9lection a d\u00e9j\u00e0 d\u00e9but\u00e9 avec la s\u00e9lection d\u2019une trentaine de finalistes. Une grande en ligne aura lieu dans quelques semaines pour annoncer les gagnants et remettre le prix.<br \/>\u00a0<\/p>\n<p>Auteur:<br \/>\n<a href=\"https:\/\/www.leaders.com.tn\/article\/31691-un-tunisien-parmi-le-jury-pour-le-prix-mondial-etat-de-droit-en-temps-de-crise\">Cliquez ici pour lire l&rsquo;article depuis sa source.<\/a><\/p>\n","protected":false},"excerpt":{"rendered":"<p>Kamel Ayadi, l\u2019ancien Ministre de la Fonction Publique, de la Gouvernance et la Lutte Anti-corruption a \u00e9t\u00e9 choisi comme membre du jury du prestigieux prix Mondial \u2018\u2019faire progresser l\u2019Etat de Droit en temps de crise\u2019\u2019. Ce prix qui est\u00a0 remis traditionnellement \u00e0 la Haye \u00e0 l\u2019occasion du forum mondial de la Justice, sera d\u00e9cern\u00e9 cette [&hellip;]<\/p>\n","protected":false},"author":1772,"featured_media":0,"comment_status":"closed","ping_status":"closed","sticky":false,"template":"","format":"standard","meta":{"fifu_image_url":"\/uploads\/FCK_files\/Jurys-Prix-mondial-WJP.jpg","fifu_image_alt":"Kamel Ayadi parmi le jury pour le Prix Mondial  \u2018\u2019Etat de droit en temps de crise\u2019\u2019","footnotes":""},"categories":[73,55],"tags":[],"class_list":["post-114614","post","type-post","status-publish","format-standard","hentry","category-actualite","category-tunisie"],"_links":{"self":[{"href":"https:\/\/linitiative.ca\/International\/wp-json\/wp\/v2\/posts\/114614","targetHints":{"allow":["GET"]}}],"collection":[{"href":"https:\/\/linitiative.ca\/International\/wp-json\/wp\/v2\/posts"}],"about":[{"href":"https:\/\/linitiative.ca\/International\/wp-json\/wp\/v2\/types\/post"}],"author":[{"embeddable":true,"href":"https:\/\/linitiative.ca\/International\/wp-json\/wp\/v2\/users\/1772"}],"replies":[{"embeddable":true,"href":"https:\/\/linitiative.ca\/International\/wp-json\/wp\/v2\/comments?post=114614"}],"version-history":[{"count":0,"href":"https:\/\/linitiative.ca\/International\/wp-json\/wp\/v2\/posts\/114614\/revisions"}],"wp:attachment":[{"href":"https:\/\/linitiative.ca\/International\/wp-json\/wp\/v2\/media?parent=114614"}],"wp:term":[{"taxonomy":"category","embeddable":true,"href":"https:\/\/linitiative.ca\/International\/wp-json\/wp\/v2\/categories?post=114614"},{"taxonomy":"post_tag","embeddable":true,"href":"https:\/\/linitiative.ca\/International\/wp-json\/wp\/v2\/tags?post=114614"}],"curies":[{"name":"wp","href":"https:\/\/api.w.org\/{rel}","templated":true}]}}