{"id":114615,"date":"2021-04-09T04:20:00","date_gmt":"2021-04-09T08:20:00","guid":{"rendered":"https:\/\/linitiative.ca\/International\/chekib-nouira-adieu-am-othman-album-photos\/"},"modified":"2021-04-09T04:20:00","modified_gmt":"2021-04-09T08:20:00","slug":"chekib-nouira-adieu-am-othman-album-photos","status":"publish","type":"post","link":"https:\/\/linitiative.ca\/International\/chekib-nouira-adieu-am-othman-album-photos\/","title":{"rendered":"Ch\u00e9kib Nouira: Adieu Am Othman (Album photos)"},"content":{"rendered":"<p>Le 23 f\u00e9vrier 2021, la Tunisie a perdu l\u2019un de ses plus valeureux citoyens. Si Othman Kechrid, grand commis de l\u2019Etat, s\u2019il en est.<\/p>\n<p>J\u2019ai connu Am Othman quand j\u2019avais cinq ans, alors qu\u2019il dirigeait le cabinet du ministre des Finances de la Tunisie ind\u00e9pendante.<\/p>\n<p>Je l\u2019ai toujours connu tr\u00e8s proche de mon p\u00e8re, Allah Yarhamhom.<\/p>\n<p>H\u00e9di Nouira et Othman Kechrid se vouaient une affection et une amiti\u00e9 jamais d\u00e9menties. Cette amiti\u00e9 \u00e9tait des plus solides, car construite sur le respect et la confiance. D\u2019ailleurs, Si Othman a toujours occup\u00e9 des fonctions de premi\u00e8re importance:<\/p>\n<p class=\"c4\"><span class=\"c3\"><strong>\u2022<\/strong><\/span> Secr\u00e9taire g\u00e9n\u00e9ral du minist\u00e8re de l\u2019Int\u00e9rieur<\/p>\n<p class=\"c4\"><span class=\"c3\"><strong>\u2022<\/strong><\/span> Directeur g\u00e9n\u00e9ral des Douanes<\/p>\n<p class=\"c4\"><span class=\"c3\"><strong>\u2022<\/strong><\/span> Ministre secr\u00e9taire g\u00e9n\u00e9ral du gouvernement,<\/p>\n<p class=\"c4\"><span class=\"c3\"><strong>\u2022<\/strong><\/span> Ministre de l\u2019Int\u00e9rieur,<\/p>\n<p>Outre la pr\u00e9sidence de l\u2019Office du commerce (\u00e0 une p\u00e9riode o\u00f9 l\u2019essentiel de l\u2019approvisionnement du pays en d\u00e9pendait). H\u00e9di Nouira a fait appel \u00e0 lui dans les moments difficiles de l\u2019histoire de notre pays. Quand l\u2019honn\u00eatet\u00e9 et la droiture devaient s\u2019imposer. Il a eu raison, Si Othman a toujours \u00e9t\u00e9 digne de la confiance plac\u00e9e en lui et a toujours r\u00e9pondu pr\u00e9sent quelles que soient les difficult\u00e9s auxquelles il a d\u00fb faire face.<\/p>\n<p>Un homme droit, comp\u00e9tent, honn\u00eate, patriote, menant une vie simple bas\u00e9e sur des principes inali\u00e9nables et sur une famille exemplaire.<\/p>\n<p>Voil\u00e0 qui \u00e9tait Am Othman Kechrid !<\/p>\n<p>Notre ch\u00e8re Tunisie aurait bien besoin d\u2019hommes comme lui, en ces jours difficiles.<\/p>\n<p>Allah Yarhmou wi naamou.<\/p>\n<p>Paix \u00e0 son \u00e2me.<\/p>\n<p class=\"c5\"><strong>Ch\u00e9kib Nouira<\/strong><\/p>\n<p class=\"c6\"><strong>Lire aussi<\/strong><\/p>\n<p class=\"c6\"><a href=\"https:\/\/www.leaders.com.tn\/article\/31682-othman-kechrid-de-l-instituteur-au-ministre-de-l-interieur-une-belle-carriere-bien-meritee\" target=\"_blank\" rel=\"noopener\">Othman Kechrid: De l\u2019instituteur au ministre de l\u2019Int\u00e9rieur, une belle carri\u00e8re bien m\u00e9rit\u00e9e (Album photos)<\/a><\/p>\n<p><a href=\"https:\/\/www.leaders.com.tn\/article\/31484-l-ancien-ministre-othman-kechrid-est-decede\" target=\"_blank\" rel=\"noopener\">L\u2019ancien ministre Othman Kechrid est d\u00e9c\u00e9d\u00e9<\/a><br \/><a href=\"https:\/\/www.leaders.com.tn\/article\/18925-othman-kechrid\" target=\"_blank\" rel=\"noopener\">Pourquoi Othman Kechrid, 95 ans, ancien ministre de l\u2019Int\u00e9rieur, a \u00e9t\u00e9 convoqu\u00e9 par la Garde nationale ?<\/a><br \/><a href=\"https:\/\/www.leaders.com.tn\/article\/2504-othman-kechrid-merci-dr-zmerli-de-nous-avoir-si-bien-restitue-le-parcours-du-dr-el-okbi\" target=\"_blank\" rel=\"noopener\">Othman Kechrid: Merci, Dr Zmerli, de nous avoir si bien restitu\u00e9 le parcours du Dr El Okbi<\/a><\/p>\n<p class=\"c5\">\u00a0<\/p>\n<p>Auteur:<br \/>\n<a href=\"https:\/\/www.leaders.com.tn\/article\/31692-chekib-nouira-adieu-am-othman\">Cliquez ici pour lire l&rsquo;article depuis sa source.<\/a><\/p>\n","protected":false},"excerpt":{"rendered":"<p>Le 23 f\u00e9vrier 2021, la Tunisie a perdu l\u2019un de ses plus valeureux citoyens. Si Othman Kechrid, grand commis de l\u2019Etat, s\u2019il en est. J\u2019ai connu Am Othman quand j\u2019avais cinq ans, alors qu\u2019il dirigeait le cabinet du ministre des Finances de la Tunisie ind\u00e9pendante. Je l\u2019ai toujours connu tr\u00e8s proche de mon p\u00e8re, Allah [&hellip;]<\/p>\n","protected":false},"author":1772,"featured_media":0,"comment_status":"closed","ping_status":"closed","sticky":false,"template":"","format":"standard","meta":{"fifu_image_url":"","fifu_image_alt":"","footnotes":""},"categories":[73,55],"tags":[],"class_list":["post-114615","post","type-post","status-publish","format-standard","hentry","category-actualite","category-tunisie"],"_links":{"self":[{"href":"https:\/\/linitiative.ca\/International\/wp-json\/wp\/v2\/posts\/114615","targetHints":{"allow":["GET"]}}],"collection":[{"href":"https:\/\/linitiative.ca\/International\/wp-json\/wp\/v2\/posts"}],"about":[{"href":"https:\/\/linitiative.ca\/International\/wp-json\/wp\/v2\/types\/post"}],"author":[{"embeddable":true,"href":"https:\/\/linitiative.ca\/International\/wp-json\/wp\/v2\/users\/1772"}],"replies":[{"embeddable":true,"href":"https:\/\/linitiative.ca\/International\/wp-json\/wp\/v2\/comments?post=114615"}],"version-history":[{"count":0,"href":"https:\/\/linitiative.ca\/International\/wp-json\/wp\/v2\/posts\/114615\/revisions"}],"wp:attachment":[{"href":"https:\/\/linitiative.ca\/International\/wp-json\/wp\/v2\/media?parent=114615"}],"wp:term":[{"taxonomy":"category","embeddable":true,"href":"https:\/\/linitiative.ca\/International\/wp-json\/wp\/v2\/categories?post=114615"},{"taxonomy":"post_tag","embeddable":true,"href":"https:\/\/linitiative.ca\/International\/wp-json\/wp\/v2\/tags?post=114615"}],"curies":[{"name":"wp","href":"https:\/\/api.w.org\/{rel}","templated":true}]}}