{"id":114616,"date":"2021-04-09T09:12:00","date_gmt":"2021-04-09T13:12:00","guid":{"rendered":"https:\/\/linitiative.ca\/International\/leconomie-dans-lespace-mediterraneen-sous-la-loupe-du-pr-mohamed-sassi\/"},"modified":"2021-04-09T09:12:00","modified_gmt":"2021-04-09T13:12:00","slug":"leconomie-dans-lespace-mediterraneen-sous-la-loupe-du-pr-mohamed-sassi","status":"publish","type":"post","link":"https:\/\/linitiative.ca\/International\/leconomie-dans-lespace-mediterraneen-sous-la-loupe-du-pr-mohamed-sassi\/","title":{"rendered":"L&rsquo;\u00e9conomie dans l&rsquo;espace m\u00e9diterran\u00e9en sous la loupe du Pr Mohamed Sassi"},"content":{"rendered":"<p>Depuis longtemps, l\u2019histoire de la M\u00e9diterran\u00e9e occupe une place de choix en tant que sujet d\u2019\u00e9tude dans le domaine de l\u2019histoire. Cependant, \u00e0 l\u2019exception de quelques th\u00e8ses magistrales, comme celle de Fernand Braudel, la plupart des recherches se sont concentr\u00e9es sur des questions politiques, sur les relations internationales ou sur la soci\u00e9t\u00e9 et la culture. Fait nouveau, le domaine d\u2019int\u00e9r\u00eat du livre Espace m\u00e9diterran\u00e9en: diversit\u00e9 et \u00e9volution \u2013 sous la direction du professeur Mohamed Sassi \u2013 r\u00e9v\u00e8le l\u2019importance de la question \u00e9conomique, tant dans le pass\u00e9 qu\u2019aujourd\u2019hui. Dans cette \u0153uvre de recherche, une nouvelle approche qui tend \u00e0 introduire des \u00e9tudes comparatives au sein de l\u2019histoire \u00e9conomique est mise en exergue, de sorte que l\u2019histoire de la construction europ\u00e9enne repr\u00e9sente, pour les pays voisins et les pays europ\u00e9ens eux-m\u00eames, un catalyseur pour une historiographie compl\u00e8tement diff\u00e9rente de la recherche historique classique, celle ax\u00e9e sur les transformations profondes, telles que les a provoqu\u00e9es la Seconde Guerre mondiale.<\/p>\n<p>Cette nouvelle approche peut \u00eatre consid\u00e9r\u00e9e comme un nouveau changement de paradigme en termes d\u2019approches, de r\u00e9flexions et de th\u00e8ses, qui font de l\u2019option \u00e9conomique de l\u2019histoire une priorit\u00e9 absolue face \u00e0 l\u2019ensemble des transformations profondes. Dans sa brillante introduction, propos\u00e9e par les professeurs Mohamed Sassi (Universit\u00e9 de Tunis) et Dominique Barjot (Sorbonne Universit\u00e9), l\u2019ouvrage sugg\u00e8re des questions qui sont soumises \u00e0 discussion ; on y trouve la probl\u00e9matique de la privatisation\/nationalisation et une mati\u00e8re historique fertile au service des pays en qu\u00eate de mod\u00e8les ad\u00e9quats, des questions dont les exp\u00e9riences sont similaires, et d\u2019autres en rapport avec la fertilisation crois\u00e9e des approches am\u00e9ricaines et europ\u00e9ennes, \u00e0 savoir la Business History d\u2019une part et l\u2019histoire \u00e9conomique g\u00e9n\u00e9rale d\u2019autre part, qui fait partie des nouveaux d\u00e9bats importants que l\u2019auteur du projet du livre se propose d\u2019aborder dans une prochaine \u00e9tape.<\/p>\n<p>A travers un ensemble de textes publi\u00e9s pour la premi\u00e8re fois, l\u2019ouvrage propose \u00e9galement, des probl\u00e9matiques qui rel\u00e8vent de la lign\u00e9e historique de la Tunisie dans son environnement m\u00e9diterran\u00e9en, depuis la p\u00e9riode antique (Arabia Hilali) jusqu\u2019\u00e0 la p\u00e9riode contemporaine, autant coloniale que post- coloniale (Hafsa Saidi, Hanane Zaouali, Rang-Ri Park, Dominique Barjot, etc.), en passant par la p\u00e9riode interm\u00e9diaire, qui refl\u00e8te, dans une nouvelle lecture de Lotfi ben Miled, les \u00e9tapes les plus importantes de l\u2019infiltration \u00e9conomique fatimide en Afrique du Nord (Ifriqiya). L\u2019ouvrage s\u2019ach\u00e8ve sur l\u2019\u00e9laboration de nouveaux points de l\u2019histoire de la M\u00e9diterran\u00e9e avec le d\u00e9but de la p\u00e9riode d\u2019ind\u00e9pendance, mettant en \u00e9vidence l\u2019impact des transformations globales issues des politiques n\u00e9olib\u00e9rales sur les relations m\u00e9diterran\u00e9ennes R\u00e9gine Perron (Universit\u00e9 de Cergy-Pontoise).<\/p>\n<p>Enfin, Mohamed Sassi met en \u00e9vidence la difficult\u00e9 de m\u00e9nager une relation \u00e9quilibr\u00e9e entre la Tunisie et la Communaut\u00e9 Economique Europ\u00e9enne (CEE) au cours des ann\u00e9es 1960, et en souligne les risques strat\u00e9giques qui en r\u00e9sulteront \u00e0 moyen et \u00e0 long termes.<\/p>\n<p>Pour conclure, cet ouvrage propose nombre de nouvelles connaissances et d\u2019innovations p\u00e9dagogiques, et initie en Tunisie un important changement de paradigme quant \u00e0 la recherche scientifique en histoire contemporaine et ce, dans un contexte r\u00e9gional et mondial hautement comp\u00e9titif.<\/p>\n<p><strong>Espace m\u00e9diterran\u00e9en: diversit\u00e9 et \u00e9volution, (sous la direction) de Mohamed Sassi, Paris-Tunis, SPM-ATHE, 2020, 315 pages.<\/strong><\/p>\n<p class=\"c3\"><strong>Mohamed Sassi<\/strong><br \/><span class=\"c2\"><em>IPELSHT\/Universit\u00e9 Tunis 1<\/em><\/span><br \/>\u00a0<\/p>\n<p>Auteur:<br \/>\n<a href=\"https:\/\/www.leaders.com.tn\/article\/31695-espace-mediterraneen-le-nouveau-livre-de-mohamed-sassi\">Cliquez ici pour lire l&rsquo;article depuis sa source.<\/a><\/p>\n","protected":false},"excerpt":{"rendered":"<p>Depuis longtemps, l\u2019histoire de la M\u00e9diterran\u00e9e occupe une place de choix en tant que sujet d\u2019\u00e9tude dans le domaine de l\u2019histoire. Cependant, \u00e0 l\u2019exception de quelques th\u00e8ses magistrales, comme celle de Fernand Braudel, la plupart des recherches se sont concentr\u00e9es sur des questions politiques, sur les relations internationales ou sur la soci\u00e9t\u00e9 et la culture. [&hellip;]<\/p>\n","protected":false},"author":1772,"featured_media":0,"comment_status":"closed","ping_status":"closed","sticky":false,"template":"","format":"standard","meta":{"fifu_image_url":"","fifu_image_alt":"","footnotes":""},"categories":[73,55],"tags":[],"class_list":["post-114616","post","type-post","status-publish","format-standard","hentry","category-actualite","category-tunisie"],"_links":{"self":[{"href":"https:\/\/linitiative.ca\/International\/wp-json\/wp\/v2\/posts\/114616","targetHints":{"allow":["GET"]}}],"collection":[{"href":"https:\/\/linitiative.ca\/International\/wp-json\/wp\/v2\/posts"}],"about":[{"href":"https:\/\/linitiative.ca\/International\/wp-json\/wp\/v2\/types\/post"}],"author":[{"embeddable":true,"href":"https:\/\/linitiative.ca\/International\/wp-json\/wp\/v2\/users\/1772"}],"replies":[{"embeddable":true,"href":"https:\/\/linitiative.ca\/International\/wp-json\/wp\/v2\/comments?post=114616"}],"version-history":[{"count":0,"href":"https:\/\/linitiative.ca\/International\/wp-json\/wp\/v2\/posts\/114616\/revisions"}],"wp:attachment":[{"href":"https:\/\/linitiative.ca\/International\/wp-json\/wp\/v2\/media?parent=114616"}],"wp:term":[{"taxonomy":"category","embeddable":true,"href":"https:\/\/linitiative.ca\/International\/wp-json\/wp\/v2\/categories?post=114616"},{"taxonomy":"post_tag","embeddable":true,"href":"https:\/\/linitiative.ca\/International\/wp-json\/wp\/v2\/tags?post=114616"}],"curies":[{"name":"wp","href":"https:\/\/api.w.org\/{rel}","templated":true}]}}