{"id":114617,"date":"2021-04-09T14:15:00","date_gmt":"2021-04-09T18:15:00","guid":{"rendered":"https:\/\/linitiative.ca\/International\/quand-les-affaires-sociales-celebrent-le-recit-de-leur-histoire-dans-les-memoires-de-mohamed-ennaceur-video-et-album-photos\/"},"modified":"2021-04-09T14:15:00","modified_gmt":"2021-04-09T18:15:00","slug":"quand-les-affaires-sociales-celebrent-le-recit-de-leur-histoire-dans-les-memoires-de-mohamed-ennaceur-video-et-album-photos","status":"publish","type":"post","link":"https:\/\/linitiative.ca\/International\/quand-les-affaires-sociales-celebrent-le-recit-de-leur-histoire-dans-les-memoires-de-mohamed-ennaceur-video-et-album-photos\/","title":{"rendered":"Quand les Affaires sociales c\u00e9l\u00e8brent le r\u00e9cit de leur histoire, dans les m\u00e9moires de Mohamed Ennaceur (Vid\u00e9o et Album photos)"},"content":{"rendered":"<p>Ils s\u2019appellent Naceur Gharbi, Sayed Blel, Sadok Belhaj Hassine, Najeh Belkhiria Karoui et de nombreuses autres figures historiques du 27 boulevard Beb Bnet de Tunis. Tous \u00e9taient \u00e9mus et ravis de se retrouver jeudi 8 avril 2021 \u00e0 la Cit\u00e9 de la Culture, invit\u00e9s par le ministre des Affaires sociales Mohamed Trabelsi, \u00e0 partager des moments exceptionnels. Dans une initiative in\u00e9dite, il a en effet tenu \u00e0 c\u00e9l\u00e9brer la parution des m\u00e9moires de son illustre pr\u00e9d\u00e9cesseur Mohamed Ennaceur, publi\u00e9es dans un gros pav\u00e9 de 684 pages, sous le titre de \u00ab Deux R\u00e9publiques, une Tunisie \u00bb (<a href=\"https:\/\/www.leadersbooks.com.tn\/produit\/deux-republiques-une-tunisie\/\" target=\"_blank\" rel=\"noopener\">\u00c9ditions Leaders<\/a>).<\/p>\n<p>Seule la prestigieuse salle de l\u2019Op\u00e9ra d\u2019une capacit\u00e9 de 1700 si\u00e8ges pouvait convenir, en respect de la jauge de restrictions sanitaires, pour accueillir les nombreux convives. Parmi eux, on reconnaissait d\u2019anciens ministres des Affaires sociales (Ahmed Smaoui, Mahmoud Ben Romdhane, Habib Kechaou\u2026), des dirigeants de caisses sociales et d\u2019assurance maladie, d\u2019offices de l\u2019Emploi, et des Tunisiens \u00e0 l\u2019\u00e9tranger, le corps de l\u2019Inspection du Travail et celui du D\u00e9veloppement social, ainsi que des syndicalistes et des chefs d\u2019entreprise. Le gouverneur de la Banque centrale de Tunisie, Marouane El Abassi, et le ministre des Finances, de l\u2019investissement et de l\u2019appui \u00e0 l\u2019\u00e9conomie, Ali Kooli, \u00e9taient parmi les invit\u00e9s personnels de Mohamed Ennaceur, tout comme Abdelmajid Charfi, Sonia Mbarek, Fadhel Jaziri, Dorra Bouchoucha, Brahim Letaief et de nombreuses figures universitaires, culturelles, de l\u2019\u00e9conomie et des finances. Sans oublier des d\u00e9put\u00e9s, d\u2019anciens collaborateurs et des amis, tous r\u00e9unis dans l\u2019\u0153cum\u00e9nisme de l\u2019auteur.<\/p>\n<p class=\"c2\"><iframe loading=\"lazy\" src=\"https:\/\/www.youtube.com\/embed\/znk2p0QjXH8\" title=\"YouTube video player\" allow=\"accelerometer; autoplay; clipboard-write; encrypted-media; gyroscope; picture-in-picture\" allowfullscreen=\"allowfullscreen\" width=\"560\" height=\"315\" frameborder=\"0\">[embedded content]<\/iframe><\/p>\n<p>Le programme, anim\u00e9 par Mohamed Ahmed Gabsi, \u00e9tait structur\u00e9 en deux s\u00e9quences : des allocutions des dirigeants d\u2019organisations nationales (UGTT, UTICA et UNFT) ainsi que le b\u00e2tonnier des Avocats, et des lectures par des universitaires avis\u00e9s, Hamadi Redissi avec Mohamed Kerrou, Hatem Kotrane, et Hammadi Ben Jaballah. L\u2019ouverture par le ministre Trabelsi, sera poignante, prenant tous de court.<\/p>\n<p><span class=\"c3\"><strong>Le gauchiste et le ministre<\/strong><\/span><\/p>\n<p>Ce n\u2019est pas le ministre qui s\u2019est exprim\u00e9, mais le jeune militant de la gauche tunisienne et le syndicaliste des ann\u00e9es 1970, qui a livr\u00e9 son t\u00e9moignage, de l\u2019homme dont il avait entendu parler, puis de celui qu\u2019il conna\u00eetra et pratiquera. \u00ab En un mot, dira-t-il, il aura \u00e9t\u00e9 l\u2019exception. \u00bb Par rapport \u00e0 l\u2019id\u00e9e qu\u2019il se faisait d\u2019un homme du pouvoir, d\u2019un ministre de Bourguiba, puis de ce qu\u2019il constatera de lui-m\u00eame pendant plus de 40 ans. L\u2019acte majeur dans la carri\u00e8re politique d\u2019Ennaceur, qu\u2019il rel\u00e8vera particuli\u00e8rement, c\u2019est sa d\u00e9mission du gouvernement Nouira, le 25 d\u00e9cembre 1977, lorsqu\u2019il avait acquis la certitude que la Tunisie allait sombrer dans un redoutable bras de fer avec l\u2019UGTT et au risque d\u2019en p\u00e2tir pendant des ann\u00e9es. Quelques jours apr\u00e8s, les \u00e9v\u00e8nements meurtriers du 26 janvier 1978 le confirmeront. \u00ab Oser d\u00e9missionner sous Bourguiba et accepter une aventureuse travers\u00e9e de d\u00e9sert en pleine situation d\u2019ins\u00e9curit\u00e9 et de r\u00e9pression, relevaient de l\u2019absurde, sauf pour des patriotes \u00bb, ponctuera-t-il.<\/p>\n<p>Beaucoup ne savent pas que Mohamed Trabelsi \u00e9tait depuis sa prime jeunesse un talentueux \u00e9crivain, f\u00e9ru de th\u00e9\u00e2tre, happ\u00e9 des belles lettres par le syndicalisme et la politique. En l\u2019\u00e9coutant d\u00e9clamer son texte, d\u2019une voix pos\u00e9e, percutante, haletante, parfois, retrouvent ses \u00e9lans de jeunesse, muris par les ann\u00e9es d\u2019exp\u00e9rience.<\/p>\n<p>Radhia Jerbi, pr\u00e9sidente de l\u2019Union des Femmes, trouve que les m\u00e9moires de Mohamed Ennaceur constituent un legs de nobles valeurs et surtout une forte interpellation. \u00ab Ce livre nous secoue, nous alerte sur ce qui nous guette et r\u00e9veille notre conscience \u00bb, dira-t-elle.<\/p>\n<p><span class=\"c3\"><strong>Des causes communes d\u00e9fendues, des consensus b\u00e2tis<\/strong><\/span><\/p>\n<p>Noureddine Taboubi et Samir Majoul \u00e9tant retenus par une importante r\u00e9union ont d\u00e9p\u00each\u00e9 chacun l\u2019un de leurs premiers adjoints. Au nom de l\u2019UGTT, Samir Cheffi, qui transpire le syndicalisme renouvel\u00e9 de Hached et Achour, trouve qu\u2019il s\u2019agit d\u2019un livre qui alterne des questions et des r\u00e9ponses, sans n\u00e9cessairement s\u2019articuler ensemble mais qui aident \u00e0 d\u00e9crypter des moments importants de l\u2019histoire de la Tunisie au cours des cinquante derni\u00e8res ann\u00e9es. \u00ab Son parcours a \u00e9t\u00e9 jalonn\u00e9 de causes communes d\u00e9fendues, de consensus b\u00e2ti, et d\u2019une vision d\u2019avenir port\u00e9e chevill\u00e9 au corps \u00bb, affirmera-t-il.<\/p>\n<p>Naceur Jeljli soulignera que l\u2019UTICA a toujours trouv\u00e9 en Mohamed Ennaceur un homme d\u2019\u00e9coute, et de compr\u00e9hension, capable de conduire \u00e0 l\u2019entente et la concorde. \u00ab C\u2019est un fervent d\u00e9fenseur de l\u2019entreprise, soucieux de sa p\u00e9rennit\u00e9, d\u00e9vou\u00e9 \u00e0 sa dimension sociale \u00bb, insiste-t-il.<\/p>\n<p>Le b\u00e2tonnier des Avocats, Me Brahim Bouderbala, sera magistral dans sa \u00ab plaidoirie \u00bb. \u00ab C\u2019est l\u2019un des n\u00f4tres ! \u00bb commencera-t-il par dire. Et d\u2019ajouter : \u00ab Le barreau est fier de le compter parmi ses membres. Une voix de raison de pond\u00e9ration et de sagesse. Qu\u2019il soit de l\u2019autre c\u00f4t\u00e9 du pr\u00e9toire, lorsqu\u2019il avait exerc\u00e9 en tant qu\u2019avocat apr\u00e8s sa d\u00e9mission du gouvernement en 1977, ou \u00e0 de hautes charges de l\u2019\u00c9tat, il a \u00e9t\u00e9 un grand d\u00e9fenseur des justes causes, faisant montre de r\u00e9elle estime \u00e0 ses confr\u00e8res, toujours disponible, toujours \u00e0 l\u2019\u00e9coute. \u00bb<\/p>\n<p>Sans interm\u00e8de, on passe \u00e0 des lectures des m\u00e9moires de Mohamed Ennaceur. Hamadi Redissi pr\u00e9sentera un texte commun r\u00e9dig\u00e9 avec Mohamed Kerrou, ayant suivi la gen\u00e8se de ce livre. Hatem Kotrane, livrera de son c\u00f4t\u00e9 un \u00e9clairage instructif sur la politique sociale telle que con\u00e7ue et mise en \u0153uvre par l\u2019auteur. Quant \u00e0 Hammadi Ben Jaballah, en philosophe, donnera sa lecture d\u2019un ouvrage qu\u2019il trouve d\u2019un grand int\u00e9r\u00eat pour \u00ab tracer une p\u00e9riode marquante qu\u2019une pens\u00e9e en perp\u00e9tuelle interrogation. \u00bb<\/p>\n<p><span class=\"c3\"><strong>Les gouvernants ont le droit et le devoir de nous en sortir<\/strong><\/span><\/p>\n<p>\u00c9mu par tant d\u2019hommages, Mohamed Ennaceur devait remercier le ministre Trabelsi, les intervenants et les pr\u00e9sents. Visiblement ravi de se retrouver parmi les siens, il rappellera qu\u2019au-del\u00e0 d\u2019un parcours de vie, combien \u00ab la question sociale \u00bb demeure au c\u0153ur de la dynamique en tourbillon dans le pays, et de la demande des Tunisiens ainsi que de leurs attentes. Sans s\u2019\u00e9riger en donneur de le\u00e7on, en cette pleine situation de blocage politique, il affirmera qu\u2019il est du droit et du devoir des gouvernants de mettre fin \u00e0 cette situation et de trouver les voies de sortie de crise.<\/p>\n<p>La sc\u00e8ne est prise d\u2019assaut par de nombreux amis mont\u00e9s le saluer et solliciter une d\u00e9dicace\u2026 Gu\u00e8re \u00e9puis\u00e9 par plus de trois heures \u00e0 l\u2019affil\u00e9e, Mohamed Ennaceur se pr\u00eatera \u00e0 ce rituel de son nouveau m\u00e9tier d\u2019auteur, en le savourant.<\/p>\n<p><span class=\"c4\"><strong>Deux R\u00e9publiques, une Tunisie<\/strong><\/span><br \/><strong>de Mohamed Ennaceur<\/strong><br \/><em>Editions Leaders, mars 2021, 684 pages, 88 photos, 38 DT<br \/>En librairies et sur<\/em> <a href=\"https:\/\/www.leadersbooks.com.tn\/produit\/deux-republiques-une-tunisie\/\" target=\"_blank\" rel=\"noopener\"><em>www.leadersbooks.com.tn<\/em><\/a><\/p>\n<p><em>Aussi sur<\/em> <a href=\"https:\/\/www.ceresbookshop.com\/fr\/selection-livres-tunisiens\/8756-deux-r%C3%A9publiques-en-tunisie.html?search_query=mohamed+ennaceur&amp;results=1\" target=\"_blank\" rel=\"noopener\">www.ceresbookshop.com\/fr<\/a><\/p>\n<p><strong>Lire aussi<\/strong><\/p>\n<p><a href=\"https:\/\/www.leaders.com.tn\/article\/31689-nouveau-tirage-ou-trouver-le-livre-de-mohamed-ennaceur-deux-republique-une-tunisie-video\" target=\"_blank\" rel=\"noopener\">Nouveau tirage &#8211; O\u00f9 trouver le livre de Mohamed Ennaceur : Deux R\u00e9publique, une Tunisie (Vid\u00e9o)<\/a><\/p>\n<p><a href=\"https:\/\/www.leaders.com.tn\/article\/31611-mohamed-ennaceur\" target=\"_blank\" rel=\"noopener\">Un livre \u00e9v\u00e8nement : Les m\u00e9moires de Mohamed Ennaceur \u2018\u2019Deux R\u00e9publiques, une Tunisie\u2019\u2019<\/a><\/p>\n<p>Auteur:<br \/>\n<a href=\"https:\/\/www.leaders.com.tn\/article\/31696-quand-les-affaires-sociales-celebrent-le-recit-de-leur-histoire-dans-les-memoires-de-mohamed-ennaceur-album-photos\">Cliquez ici pour lire l&rsquo;article depuis sa source.<\/a><\/p>\n","protected":false},"excerpt":{"rendered":"<p>Ils s\u2019appellent Naceur Gharbi, Sayed Blel, Sadok Belhaj Hassine, Najeh Belkhiria Karoui et de nombreuses autres figures historiques du 27 boulevard Beb Bnet de Tunis. Tous \u00e9taient \u00e9mus et ravis de se retrouver jeudi 8 avril 2021 \u00e0 la Cit\u00e9 de la Culture, invit\u00e9s par le ministre des Affaires sociales Mohamed Trabelsi, \u00e0 partager des [&hellip;]<\/p>\n","protected":false},"author":1772,"featured_media":0,"comment_status":"closed","ping_status":"closed","sticky":false,"template":"","format":"standard","meta":{"fifu_image_url":"","fifu_image_alt":"","footnotes":""},"categories":[73,55],"tags":[],"class_list":["post-114617","post","type-post","status-publish","format-standard","hentry","category-actualite","category-tunisie"],"_links":{"self":[{"href":"https:\/\/linitiative.ca\/International\/wp-json\/wp\/v2\/posts\/114617","targetHints":{"allow":["GET"]}}],"collection":[{"href":"https:\/\/linitiative.ca\/International\/wp-json\/wp\/v2\/posts"}],"about":[{"href":"https:\/\/linitiative.ca\/International\/wp-json\/wp\/v2\/types\/post"}],"author":[{"embeddable":true,"href":"https:\/\/linitiative.ca\/International\/wp-json\/wp\/v2\/users\/1772"}],"replies":[{"embeddable":true,"href":"https:\/\/linitiative.ca\/International\/wp-json\/wp\/v2\/comments?post=114617"}],"version-history":[{"count":0,"href":"https:\/\/linitiative.ca\/International\/wp-json\/wp\/v2\/posts\/114617\/revisions"}],"wp:attachment":[{"href":"https:\/\/linitiative.ca\/International\/wp-json\/wp\/v2\/media?parent=114617"}],"wp:term":[{"taxonomy":"category","embeddable":true,"href":"https:\/\/linitiative.ca\/International\/wp-json\/wp\/v2\/categories?post=114617"},{"taxonomy":"post_tag","embeddable":true,"href":"https:\/\/linitiative.ca\/International\/wp-json\/wp\/v2\/tags?post=114617"}],"curies":[{"name":"wp","href":"https:\/\/api.w.org\/{rel}","templated":true}]}}