{"id":114621,"date":"2021-04-09T15:15:00","date_gmt":"2021-04-09T19:15:00","guid":{"rendered":"https:\/\/linitiative.ca\/International\/transport-touristique-bientot-un-contrat-programme-pour-le-secteur\/"},"modified":"2021-04-09T15:15:00","modified_gmt":"2021-04-09T19:15:00","slug":"transport-touristique-bientot-un-contrat-programme-pour-le-secteur","status":"publish","type":"post","link":"https:\/\/linitiative.ca\/International\/transport-touristique-bientot-un-contrat-programme-pour-le-secteur\/","title":{"rendered":"Transport touristique :  bient\u00f4t un contrat-programme pour le secteur ?"},"content":{"rendered":"<p><strong>Les professionnels du transport touristique d\u00e9crocheront-ils un contrat-programme aupr\u00e8s de leur tutelle bient\u00f4t\u00a0? La question m\u00e9rite d\u2019\u00eatre pos\u00e9e d\u2019autant plus que le minist\u00e8re de l\u2019\u00c9quipement, du transport, de la logistique et de l\u2019eau se dit dispos\u00e9 \u00e0 \u00e9laborer une feuille de route pour le secteur, avec les propositions des professionnels.<\/strong><\/p>\n<div class=\"c10\">\n<\/div>\n<p>C\u2019est au cours d\u2019une r\u00e9cente r\u00e9union avec les repr\u00e9sentations professionnelles du transport touristique, que le secr\u00e9taire g\u00e9n\u00e9ral du minist\u00e8re a laiss\u00e9 entendre que les services du minist\u00e8re sont dispos\u00e9s \u00e0 entamer cette action dans les plus brefs d\u00e9lais. \u00a0Cette r\u00e9union, qui s\u2019inscrit dans le processus du dialogue social men\u00e9 par le minist\u00e8re avec les professionnels du secteur du transport routier, a \u00e9t\u00e9 tenue notamment avec la F\u00e9d\u00e9ration nationale du transport touristique, la F\u00e9d\u00e9ration nationale du transport touristique, le Syndicat national du transport touristique et l\u2019Association nationale du transport touristique. On apprend qu\u2019elle a \u00e9t\u00e9 consacr\u00e9e \u00e0 l\u2019examen des probl\u00e9matiques et des contraintes que connait le secteur du transport touristique au Maroc, suite \u00e0 la propagation du virus COVID 19.<\/p>\n<p>Dans le m\u00eame contexte et dans le cadre des efforts d\u00e9ploy\u00e9s par le minist\u00e8re pour accompagner ce secteur, le secr\u00e9taire g\u00e9n\u00e9ral a pr\u00e9sent\u00e9 les actions et mesures mises en \u0153uvre en plus des actions propos\u00e9es dans le cadre du plan de relance des entreprises op\u00e9rant dans des secteurs li\u00e9s aux missions du minist\u00e8re de l\u2019\u00c9quipement, du transport, de la logistique et de l\u2019eau.<\/p>\n<p><strong>Lire aussi| <a href=\"https:\/\/www.challenge.ma\/reconnaissance-internationale-pour-le-franco-marocain-mohammed-errafi-181037\/\">Reconnaissance internationale pour le Franco-marocain Mohammed Errafi<\/a><\/strong><\/p>\n<p>\u00ab\u00a0Apr\u00e8s une large et constructive discussion, les professionnels du transport touristique ont sugg\u00e9r\u00e9, pour soutenir les entreprises fragilis\u00e9es par la crise, de r\u00e9viser certaines dispositions de l\u2019arr\u00eat\u00e9 minist\u00e9riel n\u00b0 3975.19 publi\u00e9 le 6 juillet 2020, relatif \u00e0 la d\u00e9finition des caract\u00e9ristiques et des conditions de l\u2019\u00e9quipement des v\u00e9hicules destin\u00e9s au transport touristique\u00a0\u00bb, a-t-on indiqu\u00e9.<\/p>\n<p>Il est notamment question de celles relatives \u00e0 l\u2019\u00e2ge des v\u00e9hicules pour la premi\u00e8re exploitation, ainsi que la disposition li\u00e9e aux caract\u00e9ristiques techniques du v\u00e9hicule. Les professionnels ont \u00e9galement propos\u00e9 le retour au cahier des charges dans l\u2019attente de la fin de la crise du Coronavirus et de se pencher sur la recherche de solutions permettant l\u2019int\u00e9gration des v\u00e9hicules acquis avant la publication dudit arr\u00eat\u00e9 minist\u00e9riel au parc du transport touristique. De m\u00eame, ils ont sollicit\u00e9 la r\u00e9vision, la simplification et la d\u00e9mat\u00e9rialisation des proc\u00e9dures administratives relatives \u00e0 l\u2019octroi des actes administratifs de transport touristique. A cet \u00e9gard, le secr\u00e9taire g\u00e9n\u00e9ral a confirm\u00e9 que cette demande s\u2019inscrit dans le cadre d\u2019un chantier national men\u00e9 par le gouvernement et que tous les d\u00e9partements doivent s\u2019y inscrire, pr\u00e9cisant que le minist\u00e8re a \u00e9t\u00e9 pr\u00e9curseur en mati\u00e8re de digitalisation de plusieurs activit\u00e9s relatives au secteur du transport touristique.<\/p>\n<p><strong>Lire aussi| <a href=\"https:\/\/www.challenge.ma\/la-region-beni-mellal-khenifra-lance-un-nouveau-programme-integre-daccompagnement-des-tpme-181140\/\">La r\u00e9gion B\u00e9ni Mellal-Kh\u00e9nifra lance un nouveau programme int\u00e9gr\u00e9 d\u2019accompagnement des TPME<\/a><\/strong><\/p>\n<p>En outre, le secr\u00e9taire g\u00e9n\u00e9ral a pr\u00e9cis\u00e9 que le minist\u00e8re avait d\u00e9j\u00e0 propos\u00e9 d\u2019\u0153uvrer avec les professionnels du secteur du transport touristique en vue d\u2019\u00e9laborer un contrat-programme constituant une feuille de route pour le secteur, comportant les propositions des repr\u00e9sentations professionnelles. A cet effet, les professionnels du secteur ont \u00e9t\u00e9 invit\u00e9s \u00e0 faire parvenir aux services comp\u00e9tents relevant du Minist\u00e8re, leurs suggestions et propositions d\u2019amendement de l\u2019arr\u00eat\u00e9 minist\u00e9riel et du projet de contrat-programme relatif au transport touristique, pour les \u00e9tudier et identifier les formules possibles pour leur mise en \u0153uvre, en concertation avec tous les d\u00e9partements gouvernementaux et les institutions concern\u00e9es.<\/p>\n<p>Auteur: challenge<br \/>\n<a href=\"https:\/\/www.challenge.ma\/transport-touristique-bientot-un-contrat-programme-pour-le-secteur-181151\/\">Cliquez ici pour lire l&rsquo;article depuis sa source.<\/a><\/p>\n","protected":false},"excerpt":{"rendered":"<p>Les professionnels du transport touristique d\u00e9crocheront-ils un contrat-programme aupr\u00e8s de leur tutelle bient\u00f4t\u00a0? La question m\u00e9rite d\u2019\u00eatre pos\u00e9e d\u2019autant plus que le minist\u00e8re de l\u2019\u00c9quipement, du transport, de la logistique et de l\u2019eau se dit dispos\u00e9 \u00e0 \u00e9laborer une feuille de route pour le secteur, avec les propositions des professionnels. C\u2019est au cours d\u2019une r\u00e9cente [&hellip;]<\/p>\n","protected":false},"author":1787,"featured_media":0,"comment_status":"closed","ping_status":"closed","sticky":false,"template":"","format":"standard","meta":{"fifu_image_url":"","fifu_image_alt":"","footnotes":""},"categories":[78,54],"tags":[],"class_list":["post-114621","post","type-post","status-publish","format-standard","hentry","category-economie","category-maroc"],"_links":{"self":[{"href":"https:\/\/linitiative.ca\/International\/wp-json\/wp\/v2\/posts\/114621","targetHints":{"allow":["GET"]}}],"collection":[{"href":"https:\/\/linitiative.ca\/International\/wp-json\/wp\/v2\/posts"}],"about":[{"href":"https:\/\/linitiative.ca\/International\/wp-json\/wp\/v2\/types\/post"}],"author":[{"embeddable":true,"href":"https:\/\/linitiative.ca\/International\/wp-json\/wp\/v2\/users\/1787"}],"replies":[{"embeddable":true,"href":"https:\/\/linitiative.ca\/International\/wp-json\/wp\/v2\/comments?post=114621"}],"version-history":[{"count":0,"href":"https:\/\/linitiative.ca\/International\/wp-json\/wp\/v2\/posts\/114621\/revisions"}],"wp:attachment":[{"href":"https:\/\/linitiative.ca\/International\/wp-json\/wp\/v2\/media?parent=114621"}],"wp:term":[{"taxonomy":"category","embeddable":true,"href":"https:\/\/linitiative.ca\/International\/wp-json\/wp\/v2\/categories?post=114621"},{"taxonomy":"post_tag","embeddable":true,"href":"https:\/\/linitiative.ca\/International\/wp-json\/wp\/v2\/tags?post=114621"}],"curies":[{"name":"wp","href":"https:\/\/api.w.org\/{rel}","templated":true}]}}