{"id":114622,"date":"2021-04-09T16:10:50","date_gmt":"2021-04-09T20:10:50","guid":{"rendered":"https:\/\/linitiative.ca\/International\/simplification-des-procedures-la-douane-accelere-la-cadence\/"},"modified":"2021-04-09T16:10:50","modified_gmt":"2021-04-09T20:10:50","slug":"simplification-des-procedures-la-douane-accelere-la-cadence","status":"publish","type":"post","link":"https:\/\/linitiative.ca\/International\/simplification-des-procedures-la-douane-accelere-la-cadence\/","title":{"rendered":"Simplification des proc\u00e9dures : la Douane acc\u00e9l\u00e8re la cadence"},"content":{"rendered":"<p><strong>L\u2019administration des douanes, dans l\u2019objectif de faciliter le quotidien des op\u00e9rateurs \u00e9conomiques, poursuit ses efforts visant la simplification des proc\u00e9dures douani\u00e8res. Les d\u00e9tails.<\/strong><\/p>\n<div class=\"c10\">\n<\/div>\n<p>L\u2019ADII (Administration des Douanes et Imp\u00f4ts Indirects) informe, en effet, ses clients-usagers de l\u2019entr\u00e9e en vigueur des dispositions de la loi n*55-19 relative \u00e0 la simplification des proc\u00e9dures et formalit\u00e9s administratives qui vise \u00e0 am\u00e9liorer la relation entre l\u2019Administration et ses clients-usagers en leur permettant d\u2019accomplir leurs formalit\u00e9s dans des conditions optimales et dans les meilleurs d\u00e9lais.<\/p>\n<p><strong>Lire aussi| <a href=\"https:\/\/www.challenge.ma\/transport-touristique-bientot-un-contrat-programme-pour-le-secteur-181151\/\">Transport touristique : bient\u00f4t un contrat-programme pour le secteur ?<\/a><\/strong><\/p>\n<p>En effet, les dispositions de cette loi consacrent plusieurs principes importants, notamment l\u2019instauration de la confiance, la transparence, la simplification des formalit\u00e9s, la r\u00e9duction des co\u00fbts, la veille \u00e0 l\u2019am\u00e9lioration continue de la qualit\u00e9 de service, la proximit\u00e9 et la justification des d\u00e9cisions. On apprend qu\u2019en application de ladite loi, les clients-usagers de cette administration ne sont plus tenus, dans le cadre de l\u2019accomplissement des d\u00e9marches administratives et pour toutes les proc\u00e9dures et formalit\u00e9s douani\u00e8res de\u00a0:<\/p>\n<p>-Produire plus d\u2019une copie des documents et des pi\u00e8ces constituant leurs dossiers,<\/p>\n<p>-l\u00e9galiser leur signature,<\/p>\n<p>-certifier des copies conformes<\/p>\n<p><strong>Lire aussi| <a href=\"https:\/\/www.challenge.ma\/la-region-beni-mellal-khenifra-lance-un-nouveau-programme-integre-daccompagnement-des-tpme-181140\/\">La r\u00e9gion B\u00e9ni Mellal-Kh\u00e9nifra lance un nouveau programme int\u00e9gr\u00e9 d\u2019accompagnement des TPME<\/a><\/strong><\/p>\n<figure class=\"wp-block-image size-large\"><img decoding=\"async\" loading=\"lazy\" width=\"761\" height=\"1024\" src=\"https:\/\/www.challenge.ma\/wp-content\/uploads\/2021\/04\/PHOTO-2021-04-09-12-05-33-1-761x1024.jpg\" alt=\"\" class=\"wp-image-181197\" srcset=\"https:\/\/www.challenge.ma\/wp-content\/uploads\/2021\/04\/PHOTO-2021-04-09-12-05-33-1-761x1024.jpg 761w, https:\/\/www.challenge.ma\/wp-content\/uploads\/2021\/04\/PHOTO-2021-04-09-12-05-33-1-223x300.jpg 223w, https:\/\/www.challenge.ma\/wp-content\/uploads\/2021\/04\/PHOTO-2021-04-09-12-05-33-1-768x1034.jpg 768w, https:\/\/www.challenge.ma\/wp-content\/uploads\/2021\/04\/PHOTO-2021-04-09-12-05-33-1-360x485.jpg 360w, https:\/\/www.challenge.ma\/wp-content\/uploads\/2021\/04\/PHOTO-2021-04-09-12-05-33-1-750x1009.jpg 750w, https:\/\/www.challenge.ma\/wp-content\/uploads\/2021\/04\/PHOTO-2021-04-09-12-05-33-1.jpg 951w\" sizes=\"auto, (max-width: 761px) 100vw, 761px\"\/><\/figure>\n<p>Auteur: challenge<br \/>\n<a href=\"https:\/\/www.challenge.ma\/simplification-des-procedures-la-douane-accelere-la-cadence-181187\/\">Cliquez ici pour lire l&rsquo;article depuis sa source.<\/a><\/p>\n","protected":false},"excerpt":{"rendered":"<p>L\u2019administration des douanes, dans l\u2019objectif de faciliter le quotidien des op\u00e9rateurs \u00e9conomiques, poursuit ses efforts visant la simplification des proc\u00e9dures douani\u00e8res. Les d\u00e9tails. L\u2019ADII (Administration des Douanes et Imp\u00f4ts Indirects) informe, en effet, ses clients-usagers de l\u2019entr\u00e9e en vigueur des dispositions de la loi n*55-19 relative \u00e0 la simplification des proc\u00e9dures et formalit\u00e9s administratives qui [&hellip;]<\/p>\n","protected":false},"author":1787,"featured_media":0,"comment_status":"closed","ping_status":"closed","sticky":false,"template":"","format":"standard","meta":{"fifu_image_url":"https:\/\/www.challenge.ma\/wp-content\/uploads\/2021\/04\/PHOTO-2021-04-09-12-05-33-1-761x1024.jpg","fifu_image_alt":"Simplification des proc\u00e9dures : la Douane acc\u00e9l\u00e8re la cadence","footnotes":""},"categories":[78,54],"tags":[],"class_list":["post-114622","post","type-post","status-publish","format-standard","hentry","category-economie","category-maroc"],"_links":{"self":[{"href":"https:\/\/linitiative.ca\/International\/wp-json\/wp\/v2\/posts\/114622","targetHints":{"allow":["GET"]}}],"collection":[{"href":"https:\/\/linitiative.ca\/International\/wp-json\/wp\/v2\/posts"}],"about":[{"href":"https:\/\/linitiative.ca\/International\/wp-json\/wp\/v2\/types\/post"}],"author":[{"embeddable":true,"href":"https:\/\/linitiative.ca\/International\/wp-json\/wp\/v2\/users\/1787"}],"replies":[{"embeddable":true,"href":"https:\/\/linitiative.ca\/International\/wp-json\/wp\/v2\/comments?post=114622"}],"version-history":[{"count":0,"href":"https:\/\/linitiative.ca\/International\/wp-json\/wp\/v2\/posts\/114622\/revisions"}],"wp:attachment":[{"href":"https:\/\/linitiative.ca\/International\/wp-json\/wp\/v2\/media?parent=114622"}],"wp:term":[{"taxonomy":"category","embeddable":true,"href":"https:\/\/linitiative.ca\/International\/wp-json\/wp\/v2\/categories?post=114622"},{"taxonomy":"post_tag","embeddable":true,"href":"https:\/\/linitiative.ca\/International\/wp-json\/wp\/v2\/tags?post=114622"}],"curies":[{"name":"wp","href":"https:\/\/api.w.org\/{rel}","templated":true}]}}