{"id":114625,"date":"2021-04-09T16:36:46","date_gmt":"2021-04-09T20:36:46","guid":{"rendered":"https:\/\/linitiative.ca\/International\/tunisie-la-suspension-des-cours-nest-pas-a-lordre-du-jour\/"},"modified":"2021-04-09T16:36:46","modified_gmt":"2021-04-09T20:36:46","slug":"tunisie-la-suspension-des-cours-nest-pas-a-lordre-du-jour","status":"publish","type":"post","link":"https:\/\/linitiative.ca\/International\/tunisie-la-suspension-des-cours-nest-pas-a-lordre-du-jour\/","title":{"rendered":"Tunisie \u2013 La suspension des cours n\u2019est pas \u00e0 l\u2019ordre du jour\u00a0!"},"content":{"rendered":"<div class=\"post-cont-in left relative\">\n<div id=\"post-info-wrap\" class=\"left relative post-info-out\">\n<div class=\"post-info-img left relative\"><img decoding=\"async\" alt=\"\" src=\"https:\/\/secure.gravatar.com\/avatar\/047123be9d5e8513774383916ee72db2?s=50&amp;d=mm&amp;r=g\" srcset=\"https:\/\/secure.gravatar.com\/avatar\/047123be9d5e8513774383916ee72db2?s=100&amp;d=mm&amp;r=g 2x\" class=\"avatar avatar-50 photo\" height=\"50\" width=\"50\" loading=\"lazy\"\/><\/div>\n<div class=\"post-info-in\">\n<div class=\"post-info-right left relative post-info-name left relative\"><span><span class=\"post-info-text\">Par<\/span> <span class=\"author-name vcard fn author\"><a href=\"https:\/\/www.tunisienumerique.com\/author\/lm\/\" title=\"Articles par LM\" rel=\"author\">LM<\/a><\/span><\/span> <span class=\"post-date updated\"><time class=\"post-date updated\" datetime=\"2021-04-09\">\u00a0| Il y a 1 minute<\/time><\/span><br \/>\n<meta itemprop=\"dateModified\" content=\"2021-04-09\"\/><\/div>\n<div class=\"left relative\"><button id=\"listenButton1\" class=\"responsivevoice-button\" type=\"button\" value=\"Play\" title=\"\u00c9coutez l'article\"><span>\ud83d\udd0a \u00c9coutez l&rsquo;article<\/span><\/button>\n<\/div>\n<\/div>\n<\/div>\n<p>Le ministre de l\u2019\u00e9ducation, Fathi Sellaouti, a annonc\u00e9, ce vendredi, \u00e0 partir de Jendouba o\u00f9 il \u00e9tait en d\u00e9placement, que la suspension des cours dans les \u00e9coles ou les lyc\u00e9es n\u2019est, actuellement, pas \u00e0 l\u2019ordre du jour.<\/p>\n<div class=\"code-block code-block-1 c4\">\n <ins class=\"adsbygoogle c3\" data-ad-layout=\"in-article\" data-ad-format=\"fluid\" data-ad-client=\"ca-pub-2102118777505746\" data-ad-slot=\"7301775417\"\/>\n<\/div>\n<p>Il a assur\u00e9 que le comit\u00e9 scientifique de lutte contre le covid n\u2019a pas jug\u00e9 utile de suspendre les cours, malgr\u00e9 l\u2019\u00e9volution que connait, en ce moment, la situation \u00e9pid\u00e9miologique en rapport avec la pand\u00e9mie, dans le pays.<\/p>\n<p>Il a ajout\u00e9, dans un entretien accord\u00e9 \u00e0 la TAP, que la strat\u00e9gie retenue, pour le moment, par le comit\u00e9, pour pr\u00e9venir le covid en milieu scolaire, est celle de mettre l\u2019accent et mobiliser tous les moyens et efforts, sur les mesures de distanciation sociale et les gestes barri\u00e8re.<\/p>\n<p>Une annonce de nature \u00e0 apaiser les appr\u00e9hensions des \u00e9l\u00e8ves et de leurs parents, notamment ceux des terminales qui sont appel\u00e9s \u00e0 passer les examens et concours nationaux.<\/p>\n<div class=\"swp_social_panel swp_horizontal_panel swp_flat_fresh swp_default_full_color swp_individual_full_color swp_other_full_color scale-100 scale-\" data-min-width=\"1100\" data-float-color=\"#ffffff\" data-float=\"bottom\" data-float-mobile=\"bottom\" data-transition=\"slide\">\n<div class=\"nc_tweetContainer swp_share_button total_shares total_sharesalt\"><span class=\"swp_count\">0 <span class=\"swp_label\">Partages<\/span><\/span><\/div>\n<\/div>\n<p><strong>Que se passe-t-il en Tunisie?<\/strong><br \/>Nous expliquons sur notre <a href=\"https:\/\/www.youtube.com\/channel\/UCRzypVq0B_yBad5eGrwBx0Q?sub_confirmation=1\" target=\"_blank\" rel=\"noopener\">cha\u00eene YouTube<\/a> . <a href=\"https:\/\/www.youtube.com\/channel\/UCRzypVq0B_yBad5eGrwBx0Q?sub_confirmation=1\" target=\"_blank\" rel=\"noopener\">Abonnez-vous!<\/a><\/p>\n<div class=\"mvp-org-wrap\" itemprop=\"publisher\">\n<div class=\"mvp-org-logo\" itemprop=\"logo\"><img decoding=\"async\" src=\"https:\/\/www.tunisienumerique.com\/wp-content\/uploads\/2017\/02\/logo_tunisie_numerique.png\"\/><br \/>\n<meta itemprop=\"url\" content=\"https:\/\/www.tunisienumerique.com\/wp-content\/uploads\/2017\/02\/logo_tunisie_numerique.png\"\/><\/div>\n<p><meta content=\"Tunisie\"\/><\/div>\n<div class=\"mvp-related-posts left relative\">\n<h4 class=\"post-header\"><span class=\"post-header\">Lire aussi<\/span><\/h4>\n<\/div>\n<div id=\"article-ad\">\n <ins class=\"adsbygoogle c5\" data-ad-client=\"ca-pub-2102118777505746\" data-ad-slot=\"6513972734\" data-ad-format=\"auto\" data-full-width-responsive=\"true\"\/>\n<\/div>\n<\/div>\n<div id=\"post-sidebar-wrap\">\n <ins class=\"adsbygoogle c5\" data-ad-client=\"ca-pub-2102118777505746\" data-ad-slot=\"6168283410\" data-ad-format=\"auto\" data-full-width-responsive=\"true\"\/>\n<\/div>\n<p>Auteur: LM<br \/>\n<a href=\"https:\/\/www.tunisienumerique.com\/tunisie-la-suspension-des-cours-nest-pas-a-lordre-du-jour\/\">Cliquez ici pour lire l&rsquo;article depuis sa source.<\/a><\/p>\n","protected":false},"excerpt":{"rendered":"<p>Par LM \u00a0| Il y a 1 minute \ud83d\udd0a \u00c9coutez l&rsquo;article Le ministre de l\u2019\u00e9ducation, Fathi Sellaouti, a annonc\u00e9, ce vendredi, \u00e0 partir de Jendouba o\u00f9 il \u00e9tait en d\u00e9placement, que la suspension des cours dans les \u00e9coles ou les lyc\u00e9es n\u2019est, actuellement, pas \u00e0 l\u2019ordre du jour. Il a assur\u00e9 que le comit\u00e9 scientifique [&hellip;]<\/p>\n","protected":false},"author":1789,"featured_media":0,"comment_status":"closed","ping_status":"closed","sticky":false,"template":"","format":"standard","meta":{"fifu_image_url":"https:\/\/secure.gravatar.com\/avatar\/047123be9d5e8513774383916ee72db2?s=50&d=mm&r=g","fifu_image_alt":"Tunisie \u2013 La suspension des cours n\u2019est pas \u00e0 l\u2019ordre du jour\u00a0!","footnotes":""},"categories":[73,55],"tags":[],"class_list":["post-114625","post","type-post","status-publish","format-standard","hentry","category-actualite","category-tunisie"],"_links":{"self":[{"href":"https:\/\/linitiative.ca\/International\/wp-json\/wp\/v2\/posts\/114625","targetHints":{"allow":["GET"]}}],"collection":[{"href":"https:\/\/linitiative.ca\/International\/wp-json\/wp\/v2\/posts"}],"about":[{"href":"https:\/\/linitiative.ca\/International\/wp-json\/wp\/v2\/types\/post"}],"author":[{"embeddable":true,"href":"https:\/\/linitiative.ca\/International\/wp-json\/wp\/v2\/users\/1789"}],"replies":[{"embeddable":true,"href":"https:\/\/linitiative.ca\/International\/wp-json\/wp\/v2\/comments?post=114625"}],"version-history":[{"count":0,"href":"https:\/\/linitiative.ca\/International\/wp-json\/wp\/v2\/posts\/114625\/revisions"}],"wp:attachment":[{"href":"https:\/\/linitiative.ca\/International\/wp-json\/wp\/v2\/media?parent=114625"}],"wp:term":[{"taxonomy":"category","embeddable":true,"href":"https:\/\/linitiative.ca\/International\/wp-json\/wp\/v2\/categories?post=114625"},{"taxonomy":"post_tag","embeddable":true,"href":"https:\/\/linitiative.ca\/International\/wp-json\/wp\/v2\/tags?post=114625"}],"curies":[{"name":"wp","href":"https:\/\/api.w.org\/{rel}","templated":true}]}}