{"id":114627,"date":"2021-04-09T16:56:29","date_gmt":"2021-04-09T20:56:29","guid":{"rendered":"https:\/\/linitiative.ca\/International\/tunisie-echec-des-nouvelles-mesures-prises-par-le-gouvernement-au-premier-jour-de-leur-entree-en-vigueur\/"},"modified":"2021-04-09T16:56:29","modified_gmt":"2021-04-09T20:56:29","slug":"tunisie-echec-des-nouvelles-mesures-prises-par-le-gouvernement-au-premier-jour-de-leur-entree-en-vigueur","status":"publish","type":"post","link":"https:\/\/linitiative.ca\/International\/tunisie-echec-des-nouvelles-mesures-prises-par-le-gouvernement-au-premier-jour-de-leur-entree-en-vigueur\/","title":{"rendered":"Tunisie \u2013 Echec des nouvelles mesures prises par le gouvernement au premier jour de leur entr\u00e9e en vigueur"},"content":{"rendered":"<div class=\"post-cont-in left relative\">\n<div id=\"post-info-wrap\" class=\"left relative post-info-out\">\n<div class=\"post-info-img left relative\"><img decoding=\"async\" alt=\"\" src=\"https:\/\/secure.gravatar.com\/avatar\/047123be9d5e8513774383916ee72db2?s=50&amp;d=mm&amp;r=g\" srcset=\"https:\/\/secure.gravatar.com\/avatar\/047123be9d5e8513774383916ee72db2?s=100&amp;d=mm&amp;r=g 2x\" class=\"avatar avatar-50 photo\" height=\"50\" width=\"50\" loading=\"lazy\"\/><\/div>\n<div class=\"post-info-in\">\n<div class=\"post-info-right left relative post-info-name left relative\"><span><span class=\"post-info-text\">Par<\/span> <span class=\"author-name vcard fn author\"><a href=\"https:\/\/www.tunisienumerique.com\/author\/lm\/\" title=\"Articles par LM\" rel=\"author\">LM<\/a><\/span><\/span> <span class=\"post-date updated\"><time class=\"post-date updated\" datetime=\"2021-04-09\">\u00a0| Il y a 14 secondes<\/time><\/span><br \/>\n<meta itemprop=\"dateModified\" content=\"2021-04-09\"\/><\/div>\n<div class=\"left relative\"><button id=\"listenButton1\" class=\"responsivevoice-button\" type=\"button\" value=\"Play\" title=\"\u00c9coutez l'article\"><span>\ud83d\udd0a \u00c9coutez l&rsquo;article<\/span><\/button>\n<\/div>\n<\/div>\n<\/div>\n<p>Le spectacle qu\u2019offrait ce vendredi matin, la ville de Tebourba, du gouvernorat de La Manouba, avec les dizaines d\u2019\u00e9tals du march\u00e9 hebdomadaire qui \u00e9taient install\u00e9s \u00e0 leur emplacement habituel, ne laissait aucun doute sur l\u2019\u00e9chec de la mise en \u0153uvre des derni\u00e8res mesures de pr\u00e9vention d\u00e9cid\u00e9es par le gouvernement, hier, dont, l\u2019interdiction de l\u2019organisation des souks hebdomadaires.<\/p>\n<div class=\"code-block code-block-1 c4\">\n <ins class=\"adsbygoogle c3\" data-ad-layout=\"in-article\" data-ad-format=\"fluid\" data-ad-client=\"ca-pub-2102118777505746\" data-ad-slot=\"7301775417\"\/>\n<\/div>\n<p>Les \u00e9tals \u00e9taient comme \u00e0 leur habitude, \u00e9rig\u00e9s et accueillaient les clients en nombre, le souk a connu, ce matin, une journ\u00e9e des plus ordinaires, faisant fi des d\u00e9cisions gouvernementales.<\/p>\n<p>Les autorit\u00e9s locales n\u2019ont pas r\u00e9agi \u00e0 ce qui a sembl\u00e9 \u00eatre un d\u00e9fi pour le gouvernement et une annonce de la d\u00e9termination des commer\u00e7ants \u00e0 braver ces mesures, pour d\u00e9fendre leurs int\u00e9r\u00eats et leur gagne pain.<\/p>\n<p>Les commer\u00e7ant, abord\u00e9s par la presse ont d\u00e9clar\u00e9 qu\u2019ils ne pouvaient pas faire autrement. Ils ont assur\u00e9 \u00eatre au courant des d\u00e9cisions gouvernementales, mais qu\u2019ils ne pouvaient pas rester sans travailler, surtout qu\u2019ils \u00e9taient dans l\u2019obligation d\u2019\u00e9couler, au moins, les marchandises qu\u2019ils avaient acquises pour revendre sur les souks qui se tiennent le weekend.<\/p>\n<p>Les commer\u00e7ant assurent \u00eatre conscients de la situation \u00e9pid\u00e9miologiques, mais disent compter sur la compr\u00e9hension du citoyen qui devra faire preuve de civisme et se conformer aux r\u00e8gles de distanciation sociale. Quant \u00e0 eux, ils disent qu\u2019ils n\u2019ont pas trop de choix, et qu\u2019ils doivent travailler pour gagner de quoi nourrir leurs enfants. Ils ont ajout\u00e9 sur un ton amer, que, de toutes les fa\u00e7ons, s\u2019ils ne meurent pas du covid, ils vont, certainement crever de faim, avec leurs enfants\u00a0!<\/p>\n<p><a href=\"https:\/\/www.tunisienumerique.com\/tunisie-echec-des-nouvelles-mesures-prises-par-le-gouvernement-au-premier-jour-de-leur-entree-en-vigueur\/souk12\/\" rel=\"attachment wp-att-649362\"><img decoding=\"async\" loading=\"lazy\" class=\"aligncenter size-full wp-image-649362\" src=\"https:\/\/www.tunisienumerique.com\/wp-content\/uploads\/2021\/04\/souk12.jpg\" alt=\"\" width=\"540\" height=\"391\"\/><\/a><\/p>\n<div class=\"swp_social_panel swp_horizontal_panel swp_flat_fresh swp_default_full_color swp_individual_full_color swp_other_full_color scale-100 scale-\" data-min-width=\"1100\" data-float-color=\"#ffffff\" data-float=\"bottom\" data-float-mobile=\"bottom\" data-transition=\"slide\">\n<div class=\"nc_tweetContainer swp_share_button total_shares total_sharesalt\"><span class=\"swp_count\">0 <span class=\"swp_label\">Partages<\/span><\/span><\/div>\n<\/div>\n<p><strong>Que se passe-t-il en Tunisie?<\/strong><br \/>Nous expliquons sur notre <a href=\"https:\/\/www.youtube.com\/channel\/UCRzypVq0B_yBad5eGrwBx0Q?sub_confirmation=1\" target=\"_blank\" rel=\"noopener\">cha\u00eene YouTube<\/a> . <a href=\"https:\/\/www.youtube.com\/channel\/UCRzypVq0B_yBad5eGrwBx0Q?sub_confirmation=1\" target=\"_blank\" rel=\"noopener\">Abonnez-vous!<\/a><\/p>\n<div class=\"mvp-org-wrap\" itemprop=\"publisher\">\n<div class=\"mvp-org-logo\" itemprop=\"logo\"><img decoding=\"async\" src=\"https:\/\/www.tunisienumerique.com\/wp-content\/uploads\/2017\/02\/logo_tunisie_numerique.png\"\/><br \/>\n<meta itemprop=\"url\" content=\"https:\/\/www.tunisienumerique.com\/wp-content\/uploads\/2017\/02\/logo_tunisie_numerique.png\"\/><\/div>\n<p><meta content=\"Tunisie\"\/><\/div>\n<div class=\"mvp-related-posts left relative\">\n<h4 class=\"post-header\"><span class=\"post-header\">Lire aussi<\/span><\/h4>\n<\/div>\n<div id=\"article-ad\">\n <ins class=\"adsbygoogle c5\" data-ad-client=\"ca-pub-2102118777505746\" data-ad-slot=\"6513972734\" data-ad-format=\"auto\" data-full-width-responsive=\"true\"\/>\n<\/div>\n<\/div>\n<div id=\"post-sidebar-wrap\">\n <ins class=\"adsbygoogle c5\" data-ad-client=\"ca-pub-2102118777505746\" data-ad-slot=\"6168283410\" data-ad-format=\"auto\" data-full-width-responsive=\"true\"\/>\n<\/div>\n<p>Auteur: LM<br \/>\n<a href=\"https:\/\/www.tunisienumerique.com\/tunisie-echec-des-nouvelles-mesures-prises-par-le-gouvernement-au-premier-jour-de-leur-entree-en-vigueur\/\">Cliquez ici pour lire l&rsquo;article depuis sa source.<\/a><\/p>\n","protected":false},"excerpt":{"rendered":"<p>Par LM \u00a0| Il y a 14 secondes \ud83d\udd0a \u00c9coutez l&rsquo;article Le spectacle qu\u2019offrait ce vendredi matin, la ville de Tebourba, du gouvernorat de La Manouba, avec les dizaines d\u2019\u00e9tals du march\u00e9 hebdomadaire qui \u00e9taient install\u00e9s \u00e0 leur emplacement habituel, ne laissait aucun doute sur l\u2019\u00e9chec de la mise en \u0153uvre des derni\u00e8res mesures de [&hellip;]<\/p>\n","protected":false},"author":1789,"featured_media":0,"comment_status":"closed","ping_status":"closed","sticky":false,"template":"","format":"standard","meta":{"fifu_image_url":"https:\/\/secure.gravatar.com\/avatar\/047123be9d5e8513774383916ee72db2?s=50&d=mm&r=g","fifu_image_alt":"Tunisie \u2013 Echec des nouvelles mesures prises par le gouvernement au premier jour de leur entr\u00e9e en vigueur","footnotes":""},"categories":[73,55],"tags":[],"class_list":["post-114627","post","type-post","status-publish","format-standard","hentry","category-actualite","category-tunisie"],"_links":{"self":[{"href":"https:\/\/linitiative.ca\/International\/wp-json\/wp\/v2\/posts\/114627","targetHints":{"allow":["GET"]}}],"collection":[{"href":"https:\/\/linitiative.ca\/International\/wp-json\/wp\/v2\/posts"}],"about":[{"href":"https:\/\/linitiative.ca\/International\/wp-json\/wp\/v2\/types\/post"}],"author":[{"embeddable":true,"href":"https:\/\/linitiative.ca\/International\/wp-json\/wp\/v2\/users\/1789"}],"replies":[{"embeddable":true,"href":"https:\/\/linitiative.ca\/International\/wp-json\/wp\/v2\/comments?post=114627"}],"version-history":[{"count":0,"href":"https:\/\/linitiative.ca\/International\/wp-json\/wp\/v2\/posts\/114627\/revisions"}],"wp:attachment":[{"href":"https:\/\/linitiative.ca\/International\/wp-json\/wp\/v2\/media?parent=114627"}],"wp:term":[{"taxonomy":"category","embeddable":true,"href":"https:\/\/linitiative.ca\/International\/wp-json\/wp\/v2\/categories?post=114627"},{"taxonomy":"post_tag","embeddable":true,"href":"https:\/\/linitiative.ca\/International\/wp-json\/wp\/v2\/tags?post=114627"}],"curies":[{"name":"wp","href":"https:\/\/api.w.org\/{rel}","templated":true}]}}