{"id":114629,"date":"2021-04-09T13:18:02","date_gmt":"2021-04-09T17:18:02","guid":{"rendered":"https:\/\/linitiative.ca\/International\/pedro-sanchez-en-visite-au-senegal\/"},"modified":"2021-04-09T13:18:02","modified_gmt":"2021-04-09T17:18:02","slug":"pedro-sanchez-en-visite-au-senegal","status":"publish","type":"post","link":"https:\/\/linitiative.ca\/International\/pedro-sanchez-en-visite-au-senegal\/","title":{"rendered":"Pedro Sanchez en visite au S\u00e9n\u00e9gal"},"content":{"rendered":"<div readability=\"32\">\n<p>Publi\u00e9 le 09.04.2021 \u00e0 18h18 par APA News<\/p>\n<\/div>\n<div readability=\"67\">\n<p>Le pr\u00e9sident du gouvernement espagnol a \u00e9t\u00e9 accueilli, ce vendredi 9 avril \u00e0 Dakar, par le chef de l\u2019Etat s\u00e9n\u00e9galais, Macky Sall.L\u2019\u00e9migration clandestine est au centre de cette visite officielle. Car en Afrique de l\u2019Ouest, les c\u00f4tes s\u00e9n\u00e9galaises sont un point de d\u00e9part privil\u00e9gi\u00e9 des migrants vers l\u2019Europe et surtout l\u2019Espagne. C\u2019est pourquoi Pedro Sanchez a reconnu que \u00ab le S\u00e9n\u00e9gal est un partenaire essentiel dans la gestion de la route de l\u2019Atlantique \u00bb.<\/p>\n<p>Dans son discours, le pr\u00e9sident du gouvernement espagnol a annonc\u00e9 la signature par les deux entit\u00e9s d\u2019 \u00ab une d\u00e9claration commune et de deux protocoles d\u2019accord\u00a0\u00bb.<\/p>\n<p>Objectif : renforcer les \u00ab relations bilat\u00e9rales dans ce domaine \u00bb avec le S\u00e9n\u00e9gal pour \u00ab une migration s\u00fbre, ordonn\u00e9e et r\u00e9guli\u00e8re \u00bb. Dans ce sens, M. Sanchez a remerci\u00e9 \u00ab la Police et \u00e0 la Garde civile espagnoles d\u00e9ploy\u00e9es au Port autonome de Dakar\u00a0\u00bb, tout en soulignant que \u00ab\u00a0leur collaboration avec les autorit\u00e9s s\u00e9n\u00e9galaises est essentielle pour lutter en premi\u00e8re ligne contre l\u2019immigration irr\u00e9guli\u00e8re \u00bb.<\/p>\n<p>Pour sa part, le pr\u00e9sident Macky Sall a affirm\u00e9 que l\u2019Espagne est \u00ab un partenaire majeur avec lequel (son pays) entretient des relations dynamiques, confiantes et multiformes \u00bb. Le chef de l\u2019Etat s\u00e9n\u00e9galais a \u00e9galement salu\u00e9 \u00ab les excellents r\u00e9sultats de cette visite \u00bb.<\/p>\n<p>Outre ce dossier important, M. Sanchez s\u2019est rendu au S\u00e9n\u00e9gal pour soutenir \u00ab la pr\u00e9sence d\u2019entreprises espagnoles dans la r\u00e9gion \u00bb ouest-africaine.<\/p>\n<p>En effet, Madrid fait la promotion \u00ab de nouvelles formes de collaboration \u00bb qui contribueront efficacement \u00ab \u00e0 la reprise et \u00e0 la croissance \u00bb post-Covid. Pour le Royaume d\u2019Espagne, l\u2019Afrique est \u00ab un continent aux grandes possibilit\u00e9s \u00bb.<\/p>\n<\/div>\n<p>Auteur: APA News<br \/>\n<a href=\"https:\/\/www.journalducameroun.com\/pedro-sanchez-en-visite-au-senegal\/\">Cliquez ici pour lire l&rsquo;article depuis sa source.<\/a><\/p>\n","protected":false},"excerpt":{"rendered":"<p>Publi\u00e9 le 09.04.2021 \u00e0 18h18 par APA News Le pr\u00e9sident du gouvernement espagnol a \u00e9t\u00e9 accueilli, ce vendredi 9 avril \u00e0 Dakar, par le chef de l\u2019Etat s\u00e9n\u00e9galais, Macky Sall.L\u2019\u00e9migration clandestine est au centre de cette visite officielle. Car en Afrique de l\u2019Ouest, les c\u00f4tes s\u00e9n\u00e9galaises sont un point de d\u00e9part privil\u00e9gi\u00e9 des migrants vers [&hellip;]<\/p>\n","protected":false},"author":1965,"featured_media":0,"comment_status":"closed","ping_status":"closed","sticky":false,"template":"","format":"standard","meta":{"fifu_image_url":"","fifu_image_alt":"","footnotes":""},"categories":[73,82],"tags":[],"class_list":["post-114629","post","type-post","status-publish","format-standard","hentry","category-actualite","category-cameroun"],"_links":{"self":[{"href":"https:\/\/linitiative.ca\/International\/wp-json\/wp\/v2\/posts\/114629","targetHints":{"allow":["GET"]}}],"collection":[{"href":"https:\/\/linitiative.ca\/International\/wp-json\/wp\/v2\/posts"}],"about":[{"href":"https:\/\/linitiative.ca\/International\/wp-json\/wp\/v2\/types\/post"}],"author":[{"embeddable":true,"href":"https:\/\/linitiative.ca\/International\/wp-json\/wp\/v2\/users\/1965"}],"replies":[{"embeddable":true,"href":"https:\/\/linitiative.ca\/International\/wp-json\/wp\/v2\/comments?post=114629"}],"version-history":[{"count":0,"href":"https:\/\/linitiative.ca\/International\/wp-json\/wp\/v2\/posts\/114629\/revisions"}],"wp:attachment":[{"href":"https:\/\/linitiative.ca\/International\/wp-json\/wp\/v2\/media?parent=114629"}],"wp:term":[{"taxonomy":"category","embeddable":true,"href":"https:\/\/linitiative.ca\/International\/wp-json\/wp\/v2\/categories?post=114629"},{"taxonomy":"post_tag","embeddable":true,"href":"https:\/\/linitiative.ca\/International\/wp-json\/wp\/v2\/tags?post=114629"}],"curies":[{"name":"wp","href":"https:\/\/api.w.org\/{rel}","templated":true}]}}