{"id":114630,"date":"2021-04-09T13:35:14","date_gmt":"2021-04-09T17:35:14","guid":{"rendered":"https:\/\/linitiative.ca\/International\/cameroun-necrologie-le-professeur-gervais-mendo-ze-est-mort\/"},"modified":"2021-04-09T13:35:14","modified_gmt":"2021-04-09T17:35:14","slug":"cameroun-necrologie-le-professeur-gervais-mendo-ze-est-mort","status":"publish","type":"post","link":"https:\/\/linitiative.ca\/International\/cameroun-necrologie-le-professeur-gervais-mendo-ze-est-mort\/","title":{"rendered":"Cameroun \u2013 n\u00e9crologie : le professeur Gervais Mendo Ze est mort !"},"content":{"rendered":"<div readability=\"32\">\n<p>Publi\u00e9 le 09.04.2021 \u00e0 18h35 par Christian Djimadeu<\/p>\n<\/div>\n<div readability=\"57\">\n<h5 class=\"c9\">L\u2019information \u00e9mane de l\u2019activateur politique David Eboutou, porche de l\u2019ancien Directeur g\u00e9n\u00e9ral de la Cameroon Radio t\u00e9l\u00e9vision (CRTV).<\/h5>\n<p class=\"c10\">Le professeur Gervais Mendo Ze n\u2019est plus. Selon David Eboutou, l\u2019ancien DG de la CRTV a rendu l\u2019\u00e2me ce 9 avril 2021 dans un hopital\u00a0 de Yaound\u00e9 o\u00f9 il recevait des soins.<\/p>\n<p class=\"c10\">L\u2019ex-ministre d\u00e9l\u00e9gu\u00e9 aupr\u00e8s du ministre de la Communication est emprisonn\u00e9 depuis 2014 \u00e0 la prison centrale de Kondengui pour d\u00e9tournement de fonds publics, \u00e0 hauteur de 18 milliards de FCFA, au moment de son long passage \u00e0 l\u2019office national de radiodiffusion (1988-2005),<\/p>\n<p class=\"c10\">Affaibli depuis son emprisonnement, des vid\u00e9os abondamment partag\u00e9es sur les r\u00e9seaux sociaux le pr\u00e9sentaient mourant il y a quelques jours, se faisant nourrir par un de ses proches.<\/p>\n<p class=\"c10\">Certains acteurs politiques ont fait circuler une information selon laquelle, Gervais Mendo Ze aurait obtenu une gr\u00e2ce pr\u00e9sidentielle, sans que cela ne se confirme.<\/p>\n<p class=\"c10\">En rappel, Gervais Mendo Ze \u00e9tait \u00e9galement r\u00e9alisateur et professeur d\u2019universit\u00e9, agr\u00e9g\u00e9 de linguistique et de stylistique fran\u00e7aise.\u00a0Il a int\u00e9gr\u00e9 le corps enseignant de la facult\u00e9 des lettres de Yaound\u00e9 en 1974 \u00e0 moins de 30 ans. Il meurt \u00e0 l\u2019\u00e2ge de 77 ans.<\/p>\n<\/div>\n<p>Auteur: Christian DJIMADEU<br \/>\n<a href=\"https:\/\/www.journalducameroun.com\/cameroun-le-professeur-gervais-mendo-ze-est-mort-cameroun\/\">Cliquez ici pour lire l&rsquo;article depuis sa source.<\/a><\/p>\n","protected":false},"excerpt":{"rendered":"<p>Publi\u00e9 le 09.04.2021 \u00e0 18h35 par Christian Djimadeu L\u2019information \u00e9mane de l\u2019activateur politique David Eboutou, porche de l\u2019ancien Directeur g\u00e9n\u00e9ral de la Cameroon Radio t\u00e9l\u00e9vision (CRTV). Le professeur Gervais Mendo Ze n\u2019est plus. Selon David Eboutou, l\u2019ancien DG de la CRTV a rendu l\u2019\u00e2me ce 9 avril 2021 dans un hopital\u00a0 de Yaound\u00e9 o\u00f9 il [&hellip;]<\/p>\n","protected":false},"author":1965,"featured_media":0,"comment_status":"closed","ping_status":"closed","sticky":false,"template":"","format":"standard","meta":{"fifu_image_url":"","fifu_image_alt":"","footnotes":""},"categories":[73,82],"tags":[],"class_list":["post-114630","post","type-post","status-publish","format-standard","hentry","category-actualite","category-cameroun"],"_links":{"self":[{"href":"https:\/\/linitiative.ca\/International\/wp-json\/wp\/v2\/posts\/114630","targetHints":{"allow":["GET"]}}],"collection":[{"href":"https:\/\/linitiative.ca\/International\/wp-json\/wp\/v2\/posts"}],"about":[{"href":"https:\/\/linitiative.ca\/International\/wp-json\/wp\/v2\/types\/post"}],"author":[{"embeddable":true,"href":"https:\/\/linitiative.ca\/International\/wp-json\/wp\/v2\/users\/1965"}],"replies":[{"embeddable":true,"href":"https:\/\/linitiative.ca\/International\/wp-json\/wp\/v2\/comments?post=114630"}],"version-history":[{"count":0,"href":"https:\/\/linitiative.ca\/International\/wp-json\/wp\/v2\/posts\/114630\/revisions"}],"wp:attachment":[{"href":"https:\/\/linitiative.ca\/International\/wp-json\/wp\/v2\/media?parent=114630"}],"wp:term":[{"taxonomy":"category","embeddable":true,"href":"https:\/\/linitiative.ca\/International\/wp-json\/wp\/v2\/categories?post=114630"},{"taxonomy":"post_tag","embeddable":true,"href":"https:\/\/linitiative.ca\/International\/wp-json\/wp\/v2\/tags?post=114630"}],"curies":[{"name":"wp","href":"https:\/\/api.w.org\/{rel}","templated":true}]}}