{"id":114631,"date":"2021-04-09T14:19:02","date_gmt":"2021-04-09T18:19:02","guid":{"rendered":"https:\/\/linitiative.ca\/International\/af-sud-le-secteur-des-services-aux-entreprises-recompense-au-niveau-international\/"},"modified":"2021-04-09T14:19:02","modified_gmt":"2021-04-09T18:19:02","slug":"af-sud-le-secteur-des-services-aux-entreprises-recompense-au-niveau-international","status":"publish","type":"post","link":"https:\/\/linitiative.ca\/International\/af-sud-le-secteur-des-services-aux-entreprises-recompense-au-niveau-international\/","title":{"rendered":"Af\/Sud : le secteur des services aux entreprises r\u00e9compens\u00e9 au niveau international"},"content":{"rendered":"<div readability=\"32\">\n<p>Publi\u00e9 le 09.04.2021 \u00e0 19h19 par APA News<\/p>\n<\/div>\n<div readability=\"77\">\n<p>L\u2019Afrique du Sud a remport\u00e9 le prix international de la meilleure destination mondiale pour les services aux entreprises pour l\u2019ann\u00e9e 2021, apr\u00e8s avoir engrang\u00e9 127 millions de dollars am\u00e9ricains en devises \u00e9trang\u00e8res au cours de l\u2019ann\u00e9e \u00e9coul\u00e9e, malgr\u00e9 les difficult\u00e9s \u00e9conomiques li\u00e9es \u00e0 la pand\u00e9mie actuelle de coronavirus, a annonc\u00e9 vendredi le ministre du Commerce, de l\u2019Industrie et de la Concurrence, Ebrahim Patel.Le pays a battu la concurrence acharn\u00e9e de l\u2019Inde, des Philippines, de la Malaisie, de la Pologne, de l\u2019\u00c9gypte et de l\u2019Irlande du Nord pour remporter le premier prix pour la premi\u00e8re fois apr\u00e8s avoir \u00e9t\u00e9 class\u00e9 deuxi\u00e8me l\u2019ann\u00e9e derni\u00e8re, a d\u00e9clar\u00e9 M. Patel.<\/p>\n<p>\u00ab L\u2019Afrique du Sud a \u00e9t\u00e9 r\u00e9compens\u00e9e en tant que premi\u00e8re destination mondiale pour les services de traitement des affaires, un secteur qui se d\u00e9veloppe rapidement au niveau local et qui exporte des centres d\u2019appels et des services connexes dans d\u2019autres parties du monde \u00bb, a expliqu\u00e9 M. Patel.<\/p>\n<p>Le ministre s\u2019est f\u00e9licit\u00e9 de cette r\u00e9compense supr\u00eame pour le secteur des services aux entreprises du pays qui s\u2019est positionn\u00e9 comme l\u2019un des premiers sites internationaux pour les services aux entreprises.<\/p>\n<p>\u00ab Le secteur des services aux entreprises, qui comprend les centres d\u2019appels, l\u2019assistance technique et les services de guichet et d\u2019arri\u00e8re guichet pour les grandes multinationales et les entreprises sud-africaines, a connu une croissance exceptionnelle ces derni\u00e8res ann\u00e9es et a \u00e9t\u00e9 une source importante de cr\u00e9ation d\u2019emplois pour les jeunes sud-africains \u00bb, a-t-il ajout\u00e9.<\/p>\n<p>Le ministre s\u2019est toutefois empress\u00e9 de souligner que cette r\u00e9compense a \u00e9t\u00e9 rendue possible par l\u2019injection de fonds par le gouvernement dans le secteur pendant la pand\u00e9mie de coronavirus, qui a paralys\u00e9 les activit\u00e9s d\u2019autres pays en raison des difficult\u00e9s \u00e9conomiques induites par la Covid-19 dans le monde entier.<\/p>\n<p>Les financements de l\u2019\u00c9tat ont permis de mettre en valeur le talent, la technologie et le savoir-faire des jeunes sud-africains et de leur permettre de se mesurer aux meilleurs du monde en cr\u00e9ant 14.300 nouveaux emplois dans le secteur, a pr\u00e9cis\u00e9 M. Patel.<\/p>\n<\/div>\n<p>Auteur: APA News<br \/>\n<a href=\"https:\/\/www.journalducameroun.com\/af-sud-le-secteur-des-services-aux-entreprises-recompense-au-niveau-international\/\">Cliquez ici pour lire l&rsquo;article depuis sa source.<\/a><\/p>\n","protected":false},"excerpt":{"rendered":"<p>Publi\u00e9 le 09.04.2021 \u00e0 19h19 par APA News L\u2019Afrique du Sud a remport\u00e9 le prix international de la meilleure destination mondiale pour les services aux entreprises pour l\u2019ann\u00e9e 2021, apr\u00e8s avoir engrang\u00e9 127 millions de dollars am\u00e9ricains en devises \u00e9trang\u00e8res au cours de l\u2019ann\u00e9e \u00e9coul\u00e9e, malgr\u00e9 les difficult\u00e9s \u00e9conomiques li\u00e9es \u00e0 la pand\u00e9mie actuelle de [&hellip;]<\/p>\n","protected":false},"author":1965,"featured_media":0,"comment_status":"closed","ping_status":"closed","sticky":false,"template":"","format":"standard","meta":{"fifu_image_url":"","fifu_image_alt":"","footnotes":""},"categories":[73,82],"tags":[],"class_list":["post-114631","post","type-post","status-publish","format-standard","hentry","category-actualite","category-cameroun"],"_links":{"self":[{"href":"https:\/\/linitiative.ca\/International\/wp-json\/wp\/v2\/posts\/114631","targetHints":{"allow":["GET"]}}],"collection":[{"href":"https:\/\/linitiative.ca\/International\/wp-json\/wp\/v2\/posts"}],"about":[{"href":"https:\/\/linitiative.ca\/International\/wp-json\/wp\/v2\/types\/post"}],"author":[{"embeddable":true,"href":"https:\/\/linitiative.ca\/International\/wp-json\/wp\/v2\/users\/1965"}],"replies":[{"embeddable":true,"href":"https:\/\/linitiative.ca\/International\/wp-json\/wp\/v2\/comments?post=114631"}],"version-history":[{"count":0,"href":"https:\/\/linitiative.ca\/International\/wp-json\/wp\/v2\/posts\/114631\/revisions"}],"wp:attachment":[{"href":"https:\/\/linitiative.ca\/International\/wp-json\/wp\/v2\/media?parent=114631"}],"wp:term":[{"taxonomy":"category","embeddable":true,"href":"https:\/\/linitiative.ca\/International\/wp-json\/wp\/v2\/categories?post=114631"},{"taxonomy":"post_tag","embeddable":true,"href":"https:\/\/linitiative.ca\/International\/wp-json\/wp\/v2\/tags?post=114631"}],"curies":[{"name":"wp","href":"https:\/\/api.w.org\/{rel}","templated":true}]}}