{"id":114632,"date":"2021-04-09T14:19:03","date_gmt":"2021-04-09T18:19:03","guid":{"rendered":"https:\/\/linitiative.ca\/International\/covid-af-sud-deuxieme-phase-de-vaccination-en-mai\/"},"modified":"2021-04-09T14:19:03","modified_gmt":"2021-04-09T18:19:03","slug":"covid-af-sud-deuxieme-phase-de-vaccination-en-mai","status":"publish","type":"post","link":"https:\/\/linitiative.ca\/International\/covid-af-sud-deuxieme-phase-de-vaccination-en-mai\/","title":{"rendered":"Covid-Af\/Sud : Deuxi\u00e8me phase de vaccination en mai"},"content":{"rendered":"<div readability=\"32\">\n<p>Publi\u00e9 le 09.04.2021 \u00e0 19h19 par APA News<\/p>\n<\/div>\n<div readability=\"78\">\n<p>Apr\u00e8s l\u2019obtention de millions de vaccins combin\u00e9s, l\u2019Afrique du Sud lance, le mois prochain, sa deuxi\u00e8me phase de vaccination cens\u00e9e prendre fin en octobre.L\u2019Afrique du Sud esp\u00e8re vacciner plus de 40 millions de personnes au cours de la deuxi\u00e8me phase de son programme de vaccination contre le coronavirus qui d\u00e9marre en mai, a annonc\u00e9 vendredi le ministre de la Sant\u00e9, Zweli Mkhize.<\/p>\n<p>M. Mkhize a d\u00e9clar\u00e9 que les autorit\u00e9s sud-africaines ont obtenu plus de 51 millions de doses de vaccins dans le cadre d\u2019un programme qui pr\u00e9voit la vaccination de 1,5 million de professionnels de la sant\u00e9 au cours d\u2019une premi\u00e8re phase qui a d\u00e9but\u00e9 en f\u00e9vrier.<\/p>\n<p>\u00ab Cela veut dire que nous pouvons maintenant avancer avec confiance et finaliser nos plans pour notre campagne de d\u00e9ploiement de masse \u00bb, a d\u00e9clar\u00e9 M. Mkhize. \u00ab Nous avons dit que la deuxi\u00e8me phase devrait nous prendre six mois. Nous nous y tenons donc toujours \u00bb, a-t-il ajout\u00e9.<\/p>\n<p>La deuxi\u00e8me phase de la campagne de vaccination, r\u00e9v\u00e8le-t-il, devrait se terminer en octobre de cette ann\u00e9e. Selon le ministre, le pays a obtenu les millions de vaccins combin\u00e9s dans le cadre d\u2019accords sign\u00e9s avec diff\u00e9rents fabricants au cours des derni\u00e8res semaines, dans le but d\u2019atteindre une immunit\u00e9 collective de 40 millions de personnes dans ce pays de plus de 50 millions d\u2019habitants.<\/p>\n<p>M. Mkhize a indiqu\u00e9 que 31 millions de vaccins provenaient du fabricant am\u00e9ricain Johnson &amp; Johnson, tandis que 20 millions de doses proviendraient de Pfizer, le nouveau fournisseur am\u00e9ricain.<\/p>\n<p>Outre ces vaccins, l\u2019Afrique du Sud s\u2019attend \u00e9galement \u00e0 recevoir 1,2 million de vaccins dans le cadre du programme d\u2019acc\u00e8s mondial aux vaccins Covid-19 de l\u2019Organisation Mondiale de la Sant\u00e9 (OMS), a pr\u00e9cis\u00e9 le ministre.<\/p>\n<p>Malgr\u00e9 l\u2019acquisition de millions de doses de vaccins, M. Mkhize a d\u00e9clar\u00e9 que son gouvernement \u00ab travaillait toujours d\u2019arrache-pied pour obtenir davantage de vaccins afin de s\u2019assurer que ceux qui ne sont pas recens\u00e9s ou qui n\u2019ont pas de papiers soient \u00e9galement vaccin\u00e9s pour atteindre l\u2019immunit\u00e9 collective \u00bb.<\/p>\n<\/div>\n<p>Auteur: APA News<br \/>\n<a href=\"https:\/\/www.journalducameroun.com\/covid-af-sud-deuxieme-phase-de-vaccination-en-mai\/\">Cliquez ici pour lire l&rsquo;article depuis sa source.<\/a><\/p>\n","protected":false},"excerpt":{"rendered":"<p>Publi\u00e9 le 09.04.2021 \u00e0 19h19 par APA News Apr\u00e8s l\u2019obtention de millions de vaccins combin\u00e9s, l\u2019Afrique du Sud lance, le mois prochain, sa deuxi\u00e8me phase de vaccination cens\u00e9e prendre fin en octobre.L\u2019Afrique du Sud esp\u00e8re vacciner plus de 40 millions de personnes au cours de la deuxi\u00e8me phase de son programme de vaccination contre le [&hellip;]<\/p>\n","protected":false},"author":1965,"featured_media":0,"comment_status":"closed","ping_status":"closed","sticky":false,"template":"","format":"standard","meta":{"fifu_image_url":"","fifu_image_alt":"","footnotes":""},"categories":[73,82],"tags":[],"class_list":["post-114632","post","type-post","status-publish","format-standard","hentry","category-actualite","category-cameroun"],"_links":{"self":[{"href":"https:\/\/linitiative.ca\/International\/wp-json\/wp\/v2\/posts\/114632","targetHints":{"allow":["GET"]}}],"collection":[{"href":"https:\/\/linitiative.ca\/International\/wp-json\/wp\/v2\/posts"}],"about":[{"href":"https:\/\/linitiative.ca\/International\/wp-json\/wp\/v2\/types\/post"}],"author":[{"embeddable":true,"href":"https:\/\/linitiative.ca\/International\/wp-json\/wp\/v2\/users\/1965"}],"replies":[{"embeddable":true,"href":"https:\/\/linitiative.ca\/International\/wp-json\/wp\/v2\/comments?post=114632"}],"version-history":[{"count":0,"href":"https:\/\/linitiative.ca\/International\/wp-json\/wp\/v2\/posts\/114632\/revisions"}],"wp:attachment":[{"href":"https:\/\/linitiative.ca\/International\/wp-json\/wp\/v2\/media?parent=114632"}],"wp:term":[{"taxonomy":"category","embeddable":true,"href":"https:\/\/linitiative.ca\/International\/wp-json\/wp\/v2\/categories?post=114632"},{"taxonomy":"post_tag","embeddable":true,"href":"https:\/\/linitiative.ca\/International\/wp-json\/wp\/v2\/tags?post=114632"}],"curies":[{"name":"wp","href":"https:\/\/api.w.org\/{rel}","templated":true}]}}