{"id":114634,"date":"2021-04-09T10:46:30","date_gmt":"2021-04-09T14:46:30","guid":{"rendered":"https:\/\/linitiative.ca\/International\/cameroun-usa-les-deputes-ecrivent-au-departement-detat\/"},"modified":"2021-04-09T10:46:30","modified_gmt":"2021-04-09T14:46:30","slug":"cameroun-usa-les-deputes-ecrivent-au-departement-detat","status":"publish","type":"post","link":"https:\/\/linitiative.ca\/International\/cameroun-usa-les-deputes-ecrivent-au-departement-detat\/","title":{"rendered":"Cameroun-USA : les d\u00e9put\u00e9s \u00e9crivent au d\u00e9partement d\u2019Etat"},"content":{"rendered":"<p>Pour la seconde fois en deux mois, les d\u00e9put\u00e9s prennent langue avec les Etats-Unis d\u2019Am\u00e9rique. La Repr\u00e9sentation nationale a en effet r\u00e9agi \u00e0 une lettre r\u00e9dig\u00e9e par un collectif \u00a0d\u2019organisations camerounaises\u00a0 de la diaspora bas\u00e9es aux USA, accusant Yaound\u00e9 de violation des Droits de l\u2019Homme. Dans la missive adress\u00e9e au Secr\u00e9taire d\u2019Etat Anthony Blinken, les parlementaires accusent une partie de la diaspora camerounaise d\u2019\u0153uvrer contre la paix dans les r\u00e9gions du Nord-Ouest et du Sud-Ouest. \u00ab\u00a0Nous continuons \u00e0 solliciter l\u2019appui et la collaboration des pays amis afin d\u2019enrayer les activit\u00e9s de certains membres de la diaspora camerounaise qui cherchent \u00e0 d\u00e9stabiliser notre syst\u00e8me politique \u00e0 travers la d\u00e9sinformation tels la violence, les attaques arm\u00e9es, les enl\u00e8vements avec demande de ran\u00e7on, la terreur et le crime transnational. Cette diaspora camerounaise continue \u00e0 exercer des pressions \u00e0 travers les processus d\u00e9cisionnels d\u00e9mocratiques de votre pays afin de nuire \u00e0 l\u2019image du Cameroun et de contrarier l\u2019action men\u00e9e par nos dirigeants pour le retour \u00e0 la paix et au d\u00e9veloppement de notre pays.\u00a0\u00bb<\/p>\n<p><strong>Ligne de d\u00e9fense<\/strong><\/p>\n<p>Les d\u00e9put\u00e9s se font d\u00e8s lors d\u00e9fendeurs du r\u00e9gime de Yaound\u00e9. Une ligne de d\u00e9fense qui est organis\u00e9e autour des actions pos\u00e9es par le gouvernement depuis le d\u00e9but de la crise anglophone en 2016. Ainsi, la Repr\u00e9sentation nationale a fait valoir l\u2019organisation du Grand Dialogue nationale. \u00ab\u00a0Pour r\u00e9pondre \u00e0 cette situation in\u00e9dite, notre gouvernement a organis\u00e9 un Grand Dialogue National en octobre 2019 qui a r\u00e9uni plus de mille participants repr\u00e9sentant les syndicats, les partis politiques, les organisations de la soci\u00e9t\u00e9 civile, les autorit\u00e9s administratives, les combattants arm\u00e9s, les autorit\u00e9s traditionnelles et religieuses. Parmi les recommandations de cette rencontre figurait la cr\u00e9ation d\u2019un statut sp\u00e9cial pour les r\u00e9gions du Nord-Ouest et du Sud-Ouest conform\u00e9ment \u00e0 l\u2019article 62 (2) de notre Constitution\u00a0\u00bb.<\/p>\n<p><strong>Lire aussi<\/strong> : <strong><a href=\"https:\/\/ecomatin.net\/lutte-contre-la-corruption-la-conac-demande-lapplication-de-larticles-66\/\">Lutte contre la corruption: la Conac demande l\u2019application de l\u2019article 66<\/a><\/strong><\/p>\n<p>La Repr\u00e9sentation nationale a d\u00e8s lors fait valoir l\u2019adoption de la loi portant Code g\u00e9n\u00e9ral des Collectivit\u00e9s territoriales d\u00e9centralis\u00e9es. \u00ab\u00a0Ce texte a rapidement \u00e9t\u00e9 promulgu\u00e9. Un r\u00e9gime organisationnel et op\u00e9rationnel bas\u00e9 sur nos valeurs historiques sociales et culturelles a \u00e9t\u00e9 cr\u00e9\u00e9 dans nos r\u00e9gions. A travers ce processus, le gouvernement a pris en compte notre volont\u00e9 de jouer un r\u00f4le important dans divers domaines\u00a0: \u00e9laboration des politiques publiques nationales, syst\u00e8me \u00e9ducatif local, syst\u00e8me de Common Law, gestion des \u00e9tablissements publics administratifs dans nos r\u00e9gions, statut des chefferies traditionnelles\u00a0\u00bb\u00a0\u00e9crivent les d\u00e9put\u00e9s.<\/p>\n<p><strong>Reconstruction du Noso<\/strong><\/p>\n<p>Un autre argument pr\u00e9sent\u00e9 par les parlementaires est la mise sur pied d\u2019un plan de reconstruction et de d\u00e9veloppement du Nord-Ouest et du Sud-Ouest. \u00ab\u00a0Une convention a \u00e9t\u00e9 sign\u00e9e le 5 mai 2020 entre le gouvernement du Cameroun et le Programme des Nations Unies pour le d\u00e9veloppement (Pnud). Ce partenariat strat\u00e9gique d\u2019un montant de 150 millions de dollars vise \u00e0 financer les programmes de r\u00e9habilitation des infrastructures sociales et de relance de l\u2019\u00e9conomie locale\u00bb<em>.<\/em><\/p>\n<p><strong>Lire aussi<\/strong> : <strong><a href=\"https:\/\/ecomatin.net\/hopitaux-de-reference-les-deputess-evaluent-les-infrastructures-de-sante\/\">H\u00f4pitaux de r\u00e9f\u00e9rence : les d\u00e9put\u00e9s \u00e9valuent les infrastructures de sant\u00e9<\/a><\/strong><\/p>\n<p>La cr\u00e9ation du Comit\u00e9 de D\u00e9sarmement, de D\u00e9mobilisation et de R\u00e9int\u00e9gration (CDDR) a \u00e9galement \u00e9t\u00e9 brandie par les d\u00e9put\u00e9s. \u00ab\u00a0Le gouvernement a offert l\u2019amnistie g\u00e9n\u00e9rale, aux combattants ayant volontairement d\u00e9pos\u00e9 les armes. En outre, l\u2019Etat fournit des incitations aux ex-combattants pour faciliter leur insertion sociale\u00a0\u00bb.<\/p>\n<p>En rappel, cette lettre au Secr\u00e9taire d\u2019Etat, intervient apr\u00e8s une s\u00e9ance de questions orales \u00e0 l\u2019adresse du ministre des Relations Ext\u00e9rieures. Cette derni\u00e8re avait permis aux d\u00e9put\u00e9s de d\u00e9noncer l\u2019ing\u00e9rence des \u00ab\u00a0pays amis\u00a0\u00bb tels que les USA, la France. En outre en f\u00e9vrier dernier, 66 d\u00e9put\u00e9s avaient \u00e9crit au pr\u00e9sident Am\u00e9ricain Joe Biden. Ils d\u00e9non\u00e7aient une prise de position n\u00e9faste \u00e0 l\u2019image du Cameroun, tenue par le Congr\u00e8s am\u00e9ricain.<\/p>\n<p><strong>Lire aussi<\/strong> : <strong><a href=\"https:\/\/ecomatin.net\/assemblee-nationale-le-decess-de-alim-hayatou-paralyse-les-travaux\/\">Assembl\u00e9e nationale: le d\u00e9c\u00e8s de Alim Hayatou paralyse les travaux<\/a><\/strong><\/p>\n<p>Auteur: EcoMatin<br \/>\n<a href=\"https:\/\/ecomatin.net\/cameroun-usa-les-depute-ecrivent-au-departement-detat\/\">Cliquez ici pour lire l&rsquo;article depuis sa source.<\/a><\/p>\n","protected":false},"excerpt":{"rendered":"<p>Pour la seconde fois en deux mois, les d\u00e9put\u00e9s prennent langue avec les Etats-Unis d\u2019Am\u00e9rique. La Repr\u00e9sentation nationale a en effet r\u00e9agi \u00e0 une lettre r\u00e9dig\u00e9e par un collectif \u00a0d\u2019organisations camerounaises\u00a0 de la diaspora bas\u00e9es aux USA, accusant Yaound\u00e9 de violation des Droits de l\u2019Homme. Dans la missive adress\u00e9e au Secr\u00e9taire d\u2019Etat Anthony Blinken, les [&hellip;]<\/p>\n","protected":false},"author":1969,"featured_media":0,"comment_status":"closed","ping_status":"closed","sticky":false,"template":"","format":"standard","meta":{"fifu_image_url":"","fifu_image_alt":"","footnotes":""},"categories":[82,78],"tags":[],"class_list":["post-114634","post","type-post","status-publish","format-standard","hentry","category-cameroun","category-economie"],"_links":{"self":[{"href":"https:\/\/linitiative.ca\/International\/wp-json\/wp\/v2\/posts\/114634","targetHints":{"allow":["GET"]}}],"collection":[{"href":"https:\/\/linitiative.ca\/International\/wp-json\/wp\/v2\/posts"}],"about":[{"href":"https:\/\/linitiative.ca\/International\/wp-json\/wp\/v2\/types\/post"}],"author":[{"embeddable":true,"href":"https:\/\/linitiative.ca\/International\/wp-json\/wp\/v2\/users\/1969"}],"replies":[{"embeddable":true,"href":"https:\/\/linitiative.ca\/International\/wp-json\/wp\/v2\/comments?post=114634"}],"version-history":[{"count":0,"href":"https:\/\/linitiative.ca\/International\/wp-json\/wp\/v2\/posts\/114634\/revisions"}],"wp:attachment":[{"href":"https:\/\/linitiative.ca\/International\/wp-json\/wp\/v2\/media?parent=114634"}],"wp:term":[{"taxonomy":"category","embeddable":true,"href":"https:\/\/linitiative.ca\/International\/wp-json\/wp\/v2\/categories?post=114634"},{"taxonomy":"post_tag","embeddable":true,"href":"https:\/\/linitiative.ca\/International\/wp-json\/wp\/v2\/tags?post=114634"}],"curies":[{"name":"wp","href":"https:\/\/api.w.org\/{rel}","templated":true}]}}