{"id":114637,"date":"2021-04-09T12:53:51","date_gmt":"2021-04-09T16:53:51","guid":{"rendered":"https:\/\/linitiative.ca\/International\/assemblee-nationale-cavaye-yeguie-djibril-reprimande-eneo\/"},"modified":"2021-04-09T12:53:51","modified_gmt":"2021-04-09T16:53:51","slug":"assemblee-nationale-cavaye-yeguie-djibril-reprimande-eneo","status":"publish","type":"post","link":"https:\/\/linitiative.ca\/International\/assemblee-nationale-cavaye-yeguie-djibril-reprimande-eneo\/","title":{"rendered":"Assembl\u00e9e nationale : Cavaye Y\u00e9gui\u00e9 Djibril r\u00e9primande Eneo"},"content":{"rendered":"<div class=\"featured-area featured-area-inner\">\n<figure class=\"single-featured-image\">\n<p><img loading=\"lazy\" decoding=\"async\" width=\"780\" height=\"470\" src=\"https:\/\/ecomatin.net\/wp-content\/uploads\/2021\/04\/WhatsApp2-780x470.jpeg\" class=\"attachment-jannah-image-post size-jannah-image-post wp-post-image\" alt=\"\" is_main_img=\"1\"\/><\/p>\n<\/figure>\n<\/div>\n<div class=\"entry-content entry clearfix\" readability=\"54.243827160494\">\n<p>La session ordinaire du mois de mars 2021 s\u2019est achev\u00e9e ce 9 avril 2021 \u00e0 l\u2019Assembl\u00e9e nationale. Une occasion pour le pr\u00e9sident de la Chambre Basse du parlement d\u2019aborder des sujets \u00e0 pol\u00e9mique. Comme il est de tradition. Au nombre des points soulev\u00e9s par Cavaye Y\u00e9gui\u00e9 Djibril, apparaissent les coupures intempestives d\u2019\u00e9lectricit\u00e9 devenues monnaie courante au Cameroun. Le PAN a d\u00e8s lors tanc\u00e9 Eneo, demandant en outre au gouvernement de prendre les mesures qui s\u2019imposent. \u00ab\u00a0Je ne saurais terminer mon propos sans \u00e9voquer une pr\u00e9occupation majeure actuelle des populations \u00e0 savoir les\u00a0 coupures intempestives d\u2019\u00e9lectricit\u00e9 qui sont devenues le quotidien de nos compatriote et la privation d\u2019\u00e9nergie \u00e9lectrique pendant des jours voir des semaines, de nombreuses villes et localit\u00e9s de notre pays. J\u2019interpelle Eneo et Sonatrel afin que des solutions les plus rapides et d\u00e9finitives soient trouv\u00e9es et j\u2019invite le gouvernement \u00e0 prendre ses responsabilit\u00e9s sur la question. Les coupures d\u2019\u00e9lectricit\u00e9 doivent \u00eatre une exception et non devenir la r\u00e8gle\u00a0\u00bb\u00a0a d\u00e9clar\u00e9 le pr\u00e9sident de l\u2019Assembl\u00e9e nationale.<\/p>\n<p><strong>R\u00e9seaux sociaux<\/strong><\/p>\n<p>Le discours de cl\u00f4ture du PAN a \u00e9galement permis \u00e0 ce dernier de d\u00e9noncer les d\u00e9rives observ\u00e9es sur les r\u00e9seaux sociaux. Cavaye Y\u00e9gui\u00e9 Djibril s\u2019est notamment offusqu\u00e9 du sort r\u00e9serv\u00e9 au corps du Cardinal Christian Tumi. \u00ab\u00a0Une de ces d\u00e9rives aujourd\u2019hui est l\u2019exploitation anarchique et abusive des r\u00e9seaux sociaux qui de plus en plus donne lieu \u00e0 la violation de la vie priv\u00e9e des compatriotes. Le dernier cas en date est la profanation de la d\u00e9pouille et de l\u2019intimit\u00e9 du Cardinal Christian Tumi qui vient de nous quitter. Des images qui ont inond\u00e9 la toile alors m\u00eame que le pr\u00e9lat venait de rendre l\u2019\u00e2me. Ce qui en tout point de vue est inadmissible et indigne d\u2019un peuple civilis\u00e9\u00a0\u00bb.<\/p>\n<p><strong>Lire aussi<\/strong> : <strong><a href=\"https:\/\/ecomatin.net\/cameroun-usa-les-depute-ecrivent-au-departement-detat\/\">Cameroun-USA : les d\u00e9put\u00e9s \u00e9crivent au d\u00e9partement d\u2019Etat<\/a><\/strong><\/p>\n<p>Le PAN a donc r\u00e9it\u00e9r\u00e9 la n\u00e9cessit\u00e9 d\u2019encadrer ce domaine des nouvelles technologies. \u00ab\u00a0Il ya quelques temps j\u2019attirais l\u2019attention de l\u2019opinion et des pouvoirs publics sur ces r\u00e9seaux sociaux\u00a0 qui manifestement devenaient\u00a0 de v\u00e9ritables fl\u00e9aux sociaux\u2026 L\u2019Assembl\u00e9e nationale d\u00e9nonce et condamne ces comportements aussi odieux qu\u2019indignes perp\u00e9tr\u00e9s par certains compatriotes\u2026Je souhaite que les instances comp\u00e9tentes \u0153uvrent pour\u00a0 un meilleur encadrement de l\u2019utilisation des r\u00e9seaux sociaux. Tout comme j\u2019exhorte les autorit\u00e9s \u00e0 r\u00e9primer s\u00e9v\u00e8rement des cas d\u2019abus qui seront av\u00e9r\u00e9s\u00a0\u00bb.<\/p>\n<p>Ce n\u2019est pas la premi\u00e8re fois que le PAN d\u00e9nonce l\u2019utilisation des r\u00e9seaux sociaux. En 2016, Cavaye Y\u00e9gui\u00e9 Djibril assurait d\u00e9j\u00e0 qu\u2019il s\u2019agissait de \u00ab\u00a0v\u00e9ritables fl\u00e9aux sociaux\u00a0\u00bb<em>.<\/em><\/p>\n<p><strong>Lire aussi<\/strong> : <strong><a href=\"https:\/\/ecomatin.net\/lutte-contre-la-corruption-la-conac-demande-lapplication-de-larticles-66\/\">Lutte contre la corruption: la Conac demande l\u2019application de l\u2019article 66<\/a><\/strong><\/p>\n<\/div>\n<p>Auteur: EcoMatin<br \/>\n<a href=\"https:\/\/ecomatin.net\/assemblee-nationalee-cavaye-yeguie-djibril-reprimande-eneo\/\">Cliquez ici pour lire l&rsquo;article depuis sa source.<\/a><\/p>\n","protected":false},"excerpt":{"rendered":"<p>La session ordinaire du mois de mars 2021 s\u2019est achev\u00e9e ce 9 avril 2021 \u00e0 l\u2019Assembl\u00e9e nationale. Une occasion pour le pr\u00e9sident de la Chambre Basse du parlement d\u2019aborder des sujets \u00e0 pol\u00e9mique. Comme il est de tradition. Au nombre des points soulev\u00e9s par Cavaye Y\u00e9gui\u00e9 Djibril, apparaissent les coupures intempestives d\u2019\u00e9lectricit\u00e9 devenues monnaie courante [&hellip;]<\/p>\n","protected":false},"author":1969,"featured_media":0,"comment_status":"closed","ping_status":"closed","sticky":false,"template":"","format":"standard","meta":{"fifu_image_url":"https:\/\/ecomatin.net\/wp-content\/uploads\/2021\/04\/WhatsApp2-780x470.jpeg","fifu_image_alt":"Assembl\u00e9e nationale : Cavaye Y\u00e9gui\u00e9 Djibril r\u00e9primande Eneo","footnotes":""},"categories":[82,78],"tags":[],"class_list":["post-114637","post","type-post","status-publish","format-standard","hentry","category-cameroun","category-economie"],"_links":{"self":[{"href":"https:\/\/linitiative.ca\/International\/wp-json\/wp\/v2\/posts\/114637","targetHints":{"allow":["GET"]}}],"collection":[{"href":"https:\/\/linitiative.ca\/International\/wp-json\/wp\/v2\/posts"}],"about":[{"href":"https:\/\/linitiative.ca\/International\/wp-json\/wp\/v2\/types\/post"}],"author":[{"embeddable":true,"href":"https:\/\/linitiative.ca\/International\/wp-json\/wp\/v2\/users\/1969"}],"replies":[{"embeddable":true,"href":"https:\/\/linitiative.ca\/International\/wp-json\/wp\/v2\/comments?post=114637"}],"version-history":[{"count":0,"href":"https:\/\/linitiative.ca\/International\/wp-json\/wp\/v2\/posts\/114637\/revisions"}],"wp:attachment":[{"href":"https:\/\/linitiative.ca\/International\/wp-json\/wp\/v2\/media?parent=114637"}],"wp:term":[{"taxonomy":"category","embeddable":true,"href":"https:\/\/linitiative.ca\/International\/wp-json\/wp\/v2\/categories?post=114637"},{"taxonomy":"post_tag","embeddable":true,"href":"https:\/\/linitiative.ca\/International\/wp-json\/wp\/v2\/tags?post=114637"}],"curies":[{"name":"wp","href":"https:\/\/api.w.org\/{rel}","templated":true}]}}