{"id":114638,"date":"2021-04-09T14:44:22","date_gmt":"2021-04-09T18:44:22","guid":{"rendered":"https:\/\/linitiative.ca\/International\/necrologie-le-professeur-gervais-mendo-ze-nest-plus\/"},"modified":"2021-04-09T14:44:22","modified_gmt":"2021-04-09T18:44:22","slug":"necrologie-le-professeur-gervais-mendo-ze-nest-plus","status":"publish","type":"post","link":"https:\/\/linitiative.ca\/International\/necrologie-le-professeur-gervais-mendo-ze-nest-plus\/","title":{"rendered":"N\u00e9crologie : le Professeur Gervais Mendo ZE n\u2019est plus"},"content":{"rendered":"<div class=\"featured-area featured-area-inner\">\n<figure class=\"single-featured-image\">\n<p><img loading=\"lazy\" decoding=\"async\" width=\"780\" height=\"450\" src=\"https:\/\/ecomatin.net\/wp-content\/uploads\/2021\/04\/mendo-ze-780x450.jpg\" class=\"attachment-jannah-image-post size-jannah-image-post wp-post-image\" alt=\"\" is_main_img=\"1\"\/><\/p>\n<\/figure>\n<\/div>\n<div class=\"entry-content entry clearfix\" readability=\"54\">\n<p>Le Professeur Gervais Mendo ZE, fondateur de la voix du Cenacle, ancien Directeur g\u00e9n\u00e9rale de la Cameroon radio television (CRTV) a rendu l\u2019\u00e2me ce vendredi 9 avril 2021 \u00e0 l\u2019h\u00f4pital central de Yaound\u00e9. L\u2019\u00e9tat de sant\u00e9 de l\u2019ancien Directeur g\u00e9n\u00e9ral de l\u2018office de radiodiffusion publique nationale avait commenc\u00e9 \u00e0 se d\u00e9t\u00e9rior\u00e9 de fa\u00e7on rapide.\u00a0\u00a0Pas plus tard que le mois pr\u00e9c\u00e9dent, une vid\u00e9o de lui, le montrant assez diminuer dans ses fonctions motrices. Vid\u00e9o qui avait \u00e9t\u00e9 diffus\u00e9e sur les r\u00e9seaux sociaux.<\/p>\n<p>Gervais Mendo ZE, fait malheureusement parti de ces personnes-l\u00e0 prises dans les mailles du filet de l\u2019op\u00e9ration anticorruption d\u00e9nomm\u00e9e \u00ab\u00a0\u00c9pervier\u00a0\u00bb. Depuis le 12 novembre 2014, il va se voir\u00a0\u00a0plac\u00e9 sous mandat de d\u00e9tention provisoire \u00e0 la prison centrale de Yaound\u00e9 et sera condamn\u00e9 \u00e0 vingt ans de prison, pour avoir \u00e9t\u00e9 reconnu coupable d\u2019un d\u00e9tournement de 18 milliards de Fcfa dans les budgets de fonctionnement de l\u2019office de t\u00e9l\u00e9vision nationale entre 2004 et 2005.<\/p>\n<p>Pour rappel Gervais Mendo ZE est n\u00e9 le 25 d\u00e9cembre 1944 \u00e0 Nkongmekak, dans l\u2019arrondissement de Meyomessala, dans la r\u00e9gion du Sud. Gervais Mendo ZE est agr\u00e9g\u00e9 de linguistique et de stylistique fran\u00e7aise. Il a int\u00e9gr\u00e9 le corps enseignant de la facult\u00e9 des lettres de Yaound\u00e9 en 1974 \u00e0 moins de 30 ans.\u00a0Apr\u00e8s un Doctorat d\u2019Etat en 1984 \u00e0 Bordeaux.<\/p>\n<\/div>\n<p>Auteur: Cindy MBALA<br \/>\n<a href=\"https:\/\/ecomatin.net\/necrologie-le-professeur-gervais-mendo-ze-nestt-plus\/\">Cliquez ici pour lire l&rsquo;article depuis sa source.<\/a><\/p>\n","protected":false},"excerpt":{"rendered":"<p>Le Professeur Gervais Mendo ZE, fondateur de la voix du Cenacle, ancien Directeur g\u00e9n\u00e9rale de la Cameroon radio television (CRTV) a rendu l\u2019\u00e2me ce vendredi 9 avril 2021 \u00e0 l\u2019h\u00f4pital central de Yaound\u00e9. L\u2019\u00e9tat de sant\u00e9 de l\u2019ancien Directeur g\u00e9n\u00e9ral de l\u2018office de radiodiffusion publique nationale avait commenc\u00e9 \u00e0 se d\u00e9t\u00e9rior\u00e9 de fa\u00e7on rapide.\u00a0\u00a0Pas plus [&hellip;]<\/p>\n","protected":false},"author":1969,"featured_media":0,"comment_status":"closed","ping_status":"closed","sticky":false,"template":"","format":"standard","meta":{"fifu_image_url":"https:\/\/ecomatin.net\/wp-content\/uploads\/2021\/04\/mendo-ze-780x450.jpg","fifu_image_alt":"N\u00e9crologie : le Professeur Gervais Mendo ZE n\u2019est plus","footnotes":""},"categories":[82,78],"tags":[],"class_list":["post-114638","post","type-post","status-publish","format-standard","hentry","category-cameroun","category-economie"],"_links":{"self":[{"href":"https:\/\/linitiative.ca\/International\/wp-json\/wp\/v2\/posts\/114638","targetHints":{"allow":["GET"]}}],"collection":[{"href":"https:\/\/linitiative.ca\/International\/wp-json\/wp\/v2\/posts"}],"about":[{"href":"https:\/\/linitiative.ca\/International\/wp-json\/wp\/v2\/types\/post"}],"author":[{"embeddable":true,"href":"https:\/\/linitiative.ca\/International\/wp-json\/wp\/v2\/users\/1969"}],"replies":[{"embeddable":true,"href":"https:\/\/linitiative.ca\/International\/wp-json\/wp\/v2\/comments?post=114638"}],"version-history":[{"count":0,"href":"https:\/\/linitiative.ca\/International\/wp-json\/wp\/v2\/posts\/114638\/revisions"}],"wp:attachment":[{"href":"https:\/\/linitiative.ca\/International\/wp-json\/wp\/v2\/media?parent=114638"}],"wp:term":[{"taxonomy":"category","embeddable":true,"href":"https:\/\/linitiative.ca\/International\/wp-json\/wp\/v2\/categories?post=114638"},{"taxonomy":"post_tag","embeddable":true,"href":"https:\/\/linitiative.ca\/International\/wp-json\/wp\/v2\/tags?post=114638"}],"curies":[{"name":"wp","href":"https:\/\/api.w.org\/{rel}","templated":true}]}}