{"id":114639,"date":"2021-04-10T06:00:28","date_gmt":"2021-04-10T10:00:28","guid":{"rendered":"https:\/\/linitiative.ca\/International\/un-bain-covidien\/"},"modified":"2021-04-10T06:00:28","modified_gmt":"2021-04-10T10:00:28","slug":"un-bain-covidien","status":"publish","type":"post","link":"https:\/\/linitiative.ca\/International\/un-bain-covidien\/","title":{"rendered":"Un bain covidien"},"content":{"rendered":"<figure class=\"post-thumbnail\" itemprop=\"associatedMedia\" itemscope=\"itemscope\" itemtype=\"http:\/\/schema.org\/ImageObject\"><img decoding=\"async\" class=\"post_layout_5_img\" src=\"http:\/\/aujourdhui.ma\/wp-content\/uploads\/2021\/04\/hammam.jpg\" alt=\"Un bain covidien\"\/><\/figure>\n<p><span class=\"c5\"><strong>\u00abIl y a des gens si b\u00eates, que si une id\u00e9e apparaissait \u00e0 la surface de leur cerveau, elle se suiciderait, terrifi\u00e9e de solitude\u00bb<\/strong><\/span><\/p>\n<p><strong>Emil Michel Cioran<\/strong><span id=\"more-373374\"\/><\/p>\n<figure id=\"attachment_345687\" class=\"wp-caption alignleft c6\"><a href=\"https:http:\/\/aujourdhui.ma\/wp-content\/uploads\/2020\/05\/Dr-Imane-Kendili-1.jpg\"><img decoding=\"async\" loading=\"lazy\" class=\"wp-image-345687\" src=\"http:\/\/aujourdhui.ma\/wp-content\/uploads\/2020\/05\/Dr-Imane-Kendili-1.jpg\" alt=\"\" width=\"165\" height=\"168\" srcset=\"http:\/\/aujourdhui.ma\/wp-content\/uploads\/2020\/05\/Dr-Imane-Kendili-1.jpg 373w, \/\/aujourdhui.ma\/wp-content\/uploads\/2020\/05\/Dr-Imane-Kendili-1-294x300.jpg 294w, \/\/aujourdhui.ma\/wp-content\/uploads\/2020\/05\/Dr-Imane-Kendili-1-36x36.jpg 36w\" sizes=\"auto, (max-width: 165px) 100vw, 165px\"\/><\/a><figcaption class=\"wp-caption-text\"><span class=\"c5\"><strong>Par Dr Imane Kendili<\/strong><\/span><br \/><span class=\"c5\"><strong>Psychiatre-addictologue<\/strong><\/span><\/figcaption><\/figure>\n<p>C\u2019est la course au hammam. L\u2019ouverture des hammams a vu s\u2019abattre une d\u00e9ferlante humaine en mal d\u2019hygi\u00e8ne depuis plus d\u2019une ann\u00e9e.<br \/>Le \u00abfrotti frotta\u00bb des bus mis \u00e0 mal, reste le hammam pour se respirer dans la chaleur moite au nom d\u2019un rituel d\u2019hygi\u00e8ne reconduit par la Covid.<br \/>Certains disent se prot\u00e9ger en se rendant que dans des hammams dits individuels, sauf que l\u2019exclusivit\u00e9 dure 1h et que vous passez apr\u00e8s un client et avant un autre.<br \/>Les distorsions cognitives battent leur plein. Les pens\u00e9es permissives avortent le cerveau sup\u00e9rieur et le pr\u00e9frontal est pieds et poings li\u00e9s.<br \/>La b\u00eatise. Plus question de maturit\u00e9 ou de d\u00e9ni d\u2019une r\u00e9alit\u00e9, pourtant plan\u00e9taire. La b\u00eatise humaine est le sujet du jour.<br \/>On vous prot\u00e8ge, on vous vaccine, on ferme les fronti\u00e8res, on met \u00e0 mal l\u2019\u00e9conomie, on priorise l\u2019humain. Et l\u2019humain ? Il court au hammam.<br \/>Sinc\u00e8rement, comment peut-on courir au hammam aussi vite apr\u00e8s une ann\u00e9e de crise sanitaire, certes bien g\u00e9r\u00e9e au Maroc, mais toujours en \u00e9p\u00e9e de Damocl\u00e8s sur nos t\u00eates.<br \/>Sit\u00f4t le hammam ouvert, les masques sont tomb\u00e9s. Prot\u00e9g\u00e9s \u00e9motionnellement, nos ados marocains d\u00e9ambulent sans masques, \u00e9ternuent dans leurs manches, s\u2019\u00e9poumonent dans les caf\u00e9s, s\u2019abreuvent sur les terrasses pour un ap\u00e9ro de plus en plus t\u00f4t dans l\u2019apr\u00e8s-midi. Couvre-feu oblige.<br \/>On fait des midis dix-neuf heures et on se d\u00e9sole de devoir faire des \u00abafter\u00bb d\u00e8s 20h.<br \/>\u00c7a circule sec. Mieux encore ! Devant la nouvelle de couvre-feu pendant ramadan, les sourcils froncent et beaucoup saluent une excellente d\u00e9cision ; mais qui vaut pour les autres, pas pour le \u00abmoi\u00bb narcissis\u00e9 sans limites ; enfreindre est la r\u00e8gle. On est heureux d\u2019une d\u00e9cision prophylactique et responsable ce qui ne nous emp\u00eache pas de pr\u00e9voir des ftours anim\u00e9s adapt\u00e9s. On passera la nuit les uns chez les autres pour ne pas se faire prendre dans les rues \u00e0 minuit.<br \/>Les limites sont faites pour \u00eatre enfreintes. Le non- limites et l\u2019intol\u00e9rance \u00e0 la frustration sont devenus des outils de fonctionnement adopt\u00e9s.<br \/>On court \u00e0 la vie. On cueille des derni\u00e8res perles de ros\u00e9e pollu\u00e9e, la langue pendue et avide des derniers plaisirs de l\u2019ancien monde. L\u2019adaptation est un processus difficile. D\u2019autant plus quand l\u2019ordalie permet de se rapprocher du cr\u00e9ateur, voire de le narguer. A la veille de ramadan c\u2019est encore plus excitant. La pri\u00e8re est un processus spirituel personnel qui permet un cheminement int\u00e9rieur et une \u00e9l\u00e9vation de l\u2019\u00e2me, particuli\u00e8rement pendant le mois sacr\u00e9 de ramadan. Donc si l\u2019objectif est la retraite spirituelle, le rendu est \u00e0 grande valeur de sublimation \u00e9motionnelle et psycho-spirituelle.<br \/>Mais si l\u2019objectif est le besoin de frotti frotta dans les caf\u00e9s, les rues marchandes et les disputes de tapis de pri\u00e8res dans les mosqu\u00e9es, certes, il y aura des difficult\u00e9s.<br \/>Bien que la vaccination soit en cours, que l\u2019immunit\u00e9 collective est attendue, les mesures de distanciation, le port de masques et l\u2019hygi\u00e8ne sont et seront toujours de mise.<br \/>L\u2019hygi\u00e8ne \u00e9tant \u00e0 repr\u00e9ciser. Je ne parle aucunement du gommage et savonnage option badigeonnage au henn\u00e9 ou au chocolat, selon le r\u00e9f\u00e9rentiel et bien entendu sur mesure.<br \/>Il est impressionnant de voir le nombre de restaurants et caf\u00e9s qui ouvrent depuis 3 \u00e0 4 mois. Pas seulement ! Les spas et parapharmacies ! Et les salons de coiffure font faire des hammams individuels ! Le Marocain existe de sa consommation. Je consomme donc je suis. Je me remplis. Plus je t\u00e9te, plus je suis rassur\u00e9. Un biberon chacun ! A servir avec la deuxi\u00e8me dose de vaccin ! Et si on peut visser des masques sur les visages \u00e7a serait l\u2019id\u00e9al. Car le masque est optionnel dans nos rues, port\u00e9 sur le menton ou pendu \u00e0 l\u2019oreille.<br \/>La couleur est adapt\u00e9e, le tissu est premium mais le porter est une autre affaire.<br \/>Muselez-vous s\u2019il vous plait et respectez les distances ! Votre gommage importe peu devant votre sant\u00e9 et la survie de certains. Les variants sont l\u00e0. Dakhla est ferm\u00e9e. Les fronti\u00e8res sont ferm\u00e9es. Les laboratoires voient les tests reprendre \u00e0 grande vitesse et les cas graves de la Covid reprennent.<br \/>Cher marocain ! S\u2019il te plait observes le couvre-feu et portes ton masque !<br \/>\u00abOn am\u00e8ne les gens courageux \u00e0 une action en la leur exposant plus p\u00e9rilleuse qu\u2019elle ne l\u2019est\u00bb.<br \/>Nieztschex<\/p>\n<p>Auteur: ALM<br \/>\n<a href=\"https:\/\/aujourdhui.ma\/chroniques\/un-bain-covidien\">Cliquez ici pour lire l&rsquo;article depuis sa source.<\/a><\/p>\n","protected":false},"excerpt":{"rendered":"<p>\u00abIl y a des gens si b\u00eates, que si une id\u00e9e apparaissait \u00e0 la surface de leur cerveau, elle se suiciderait, terrifi\u00e9e de solitude\u00bb Emil Michel Cioran Par Dr Imane KendiliPsychiatre-addictologue C\u2019est la course au hammam. L\u2019ouverture des hammams a vu s\u2019abattre une d\u00e9ferlante humaine en mal d\u2019hygi\u00e8ne depuis plus d\u2019une ann\u00e9e.Le \u00abfrotti frotta\u00bb des [&hellip;]<\/p>\n","protected":false},"author":1759,"featured_media":0,"comment_status":"closed","ping_status":"closed","sticky":false,"template":"","format":"standard","meta":{"fifu_image_url":"http:\/\/aujourdhui.ma\/wp-content\/uploads\/2021\/04\/hammam.jpg","fifu_image_alt":"Un bain covidien","footnotes":""},"categories":[73,54],"tags":[],"class_list":["post-114639","post","type-post","status-publish","format-standard","hentry","category-actualite","category-maroc"],"_links":{"self":[{"href":"https:\/\/linitiative.ca\/International\/wp-json\/wp\/v2\/posts\/114639","targetHints":{"allow":["GET"]}}],"collection":[{"href":"https:\/\/linitiative.ca\/International\/wp-json\/wp\/v2\/posts"}],"about":[{"href":"https:\/\/linitiative.ca\/International\/wp-json\/wp\/v2\/types\/post"}],"author":[{"embeddable":true,"href":"https:\/\/linitiative.ca\/International\/wp-json\/wp\/v2\/users\/1759"}],"replies":[{"embeddable":true,"href":"https:\/\/linitiative.ca\/International\/wp-json\/wp\/v2\/comments?post=114639"}],"version-history":[{"count":0,"href":"https:\/\/linitiative.ca\/International\/wp-json\/wp\/v2\/posts\/114639\/revisions"}],"wp:attachment":[{"href":"https:\/\/linitiative.ca\/International\/wp-json\/wp\/v2\/media?parent=114639"}],"wp:term":[{"taxonomy":"category","embeddable":true,"href":"https:\/\/linitiative.ca\/International\/wp-json\/wp\/v2\/categories?post=114639"},{"taxonomy":"post_tag","embeddable":true,"href":"https:\/\/linitiative.ca\/International\/wp-json\/wp\/v2\/tags?post=114639"}],"curies":[{"name":"wp","href":"https:\/\/api.w.org\/{rel}","templated":true}]}}