{"id":114640,"date":"2021-04-10T07:25:29","date_gmt":"2021-04-10T11:25:29","guid":{"rendered":"https:\/\/linitiative.ca\/International\/digitalisation-informel-la-banque-mondiale-appelee-en-renfort\/"},"modified":"2021-04-10T07:25:29","modified_gmt":"2021-04-10T11:25:29","slug":"digitalisation-informel-la-banque-mondiale-appelee-en-renfort","status":"publish","type":"post","link":"https:\/\/linitiative.ca\/International\/digitalisation-informel-la-banque-mondiale-appelee-en-renfort\/","title":{"rendered":"Digitalisation, Informel: la Banque mondiale appel\u00e9e en renfort"},"content":{"rendered":"<figure class=\"post-thumbnail\" itemprop=\"associatedMedia\" itemscope=\"itemscope\" itemtype=\"http:\/\/schema.org\/ImageObject\"><img decoding=\"async\" class=\"post_layout_5_img\" src=\"https:\/\/aujourdhui.ma\/wp-content\/uploads\/2021\/04\/Benchaaboun-et-Jouahri-se-reunissent-avec-le-president-de-la-Banque-mondiale.jpg\" alt=\"Digitalisation, Informel: la Banque mondiale appel\u00e9e en renfort\"\/><\/figure>\n<p><span class=\"c5\"><strong>Bencha\u00e2boun et Jouahri se r\u00e9unissent avec le pr\u00e9sident de la Banque mondiale<\/strong><\/span><\/p>\n<p>L\u2019argentier du royaume et le Wali de Bank Al Maghrib viennent de se r\u00e9unir avec le pr\u00e9sident de la Banque Mondiale.<br \/>Cette rencontre s\u2019inscrit dans le cadre des r\u00e9unions de printemps de la Banque mondiale et du Fonds mon\u00e9taire international qui se tiennent, virtuellement, du 9 au 11 avril 2021. Dans le d\u00e9tail, Mohamed BENCHAABOUN, Ministre de l\u2019Economie, des Finances et de la R\u00e9forme de l\u2019Administration et Abdellatif JOUAHRI, wali de Bank Al Maghrib se sont r\u00e9unis vendredi avec David MALPASS, Pr\u00e9sident du Groupe de la Banque mondiale.<br \/>A cette occasion, BENCHAABOUN s\u2019est f\u00e9licit\u00e9 de la qualit\u00e9 du partenariat exemplaire qui lie, de longue date, le Royaume du Maroc et le groupe de la Banque mondiale.<\/p>\n<p>Il a soulign\u00e9, par la suite, la pertinence des mesures de riposte adopt\u00e9es par les autorit\u00e9s marocaines d\u00e8s le d\u00e9clenchement de la pand\u00e9mie, en vue de limiter l\u2019impact de la crise de la COVID-19 sur l\u2019\u00e9conomie nationale, conform\u00e9ment aux Hautes Orientations de Sa Majest\u00e9 Le Roi.<\/p>\n<p>Il a \u00e9galement pass\u00e9 en revue les principaux chantiers de r\u00e9formes prioritaires engag\u00e9s par le Maroc pour favoriser une reprise dynamique et renforcer la r\u00e9silience de l\u2019\u00e9conomie, citant, \u00e0 cet \u00e9gard, le plan de relance \u00e9conomique port\u00e9 par le Fonds Mohammed VI pour l\u2019investissement, le chantier de la g\u00e9n\u00e9ralisation de la protection sociale et celui de la r\u00e9forme du secteur public. Dans ce cadre, la Banque mondiale a \u00e9t\u00e9 invit\u00e9e \u00e0 renforcer davantage son appui, tant financier que technique, pour accompagner notre pays dans ses efforts visant \u00e0 circonscrire les effets de la crise et \u00e0 mettre en oeuvre son programme de d\u00e9veloppement. Par ailleurs, il a invit\u00e9 la Banque mondiale, de par son positionnement de r\u00e9f\u00e9rence au sein du dispositif mondial d\u2019appui au d\u00e9veloppement, \u00e0 r\u00e9fl\u00e9chir sur des initiatives au profit des pays \u00e0 revenu interm\u00e9diaire, dont le Maroc, pour r\u00e9pondre \u00e0 leurs besoins sp\u00e9cifiques notamment en mati\u00e8re de financement.<\/p>\n<p>Pour sa part, M.Jouahri a invit\u00e9 la Banque mondiale \u00e0 faire b\u00e9n\u00e9ficier le Maroc de l\u2019expertise dont dispose cette institution et ce, en vue de l\u2019accompagner dans certains domaines prioritaires du d\u00e9veloppement, notamment en mati\u00e8re de r\u00e9silience du tissu productif national, d\u2019int\u00e9gration du secteur informel et de la digitalisation.<br \/>De son c\u00f4t\u00e9, tout en soulignant la disposition de la Banque mondiale \u00e0 renforcer son soutien aux efforts de d\u00e9veloppement \u00e9conomique et social du Maroc, M. MALPASS a f\u00e9licit\u00e9 notre pays pour sa strat\u00e9gie proactive et anticipative pour att\u00e9nuer les effets de la crise sanitaire. A ce niveau, il a fait part de la disposition du Groupe de la Banque mondiale \u00e0 apporter son appui financier, et son assistance technique aux diff\u00e9rents chantiers de r\u00e9formes prioritaires engag\u00e9s par le Royaume du Maroc.<\/p>\n<p>Auteur: ALM<br \/>\n<a href=\"https:\/\/aujourdhui.ma\/economie\/digitalisation-informel-la-banque-mondiale-appelee-en-renfort\">Cliquez ici pour lire l&rsquo;article depuis sa source.<\/a><\/p>\n","protected":false},"excerpt":{"rendered":"<p>Bencha\u00e2boun et Jouahri se r\u00e9unissent avec le pr\u00e9sident de la Banque mondiale L\u2019argentier du royaume et le Wali de Bank Al Maghrib viennent de se r\u00e9unir avec le pr\u00e9sident de la Banque Mondiale.Cette rencontre s\u2019inscrit dans le cadre des r\u00e9unions de printemps de la Banque mondiale et du Fonds mon\u00e9taire international qui se tiennent, virtuellement, [&hellip;]<\/p>\n","protected":false},"author":1759,"featured_media":0,"comment_status":"closed","ping_status":"closed","sticky":false,"template":"","format":"standard","meta":{"fifu_image_url":"https:\/\/aujourdhui.ma\/wp-content\/uploads\/2021\/04\/Benchaaboun-et-Jouahri-se-reunissent-avec-le-president-de-la-Banque-mondiale.jpg","fifu_image_alt":"Digitalisation, Informel: la Banque mondiale appel\u00e9e en renfort","footnotes":""},"categories":[73,54],"tags":[],"class_list":["post-114640","post","type-post","status-publish","format-standard","hentry","category-actualite","category-maroc"],"_links":{"self":[{"href":"https:\/\/linitiative.ca\/International\/wp-json\/wp\/v2\/posts\/114640","targetHints":{"allow":["GET"]}}],"collection":[{"href":"https:\/\/linitiative.ca\/International\/wp-json\/wp\/v2\/posts"}],"about":[{"href":"https:\/\/linitiative.ca\/International\/wp-json\/wp\/v2\/types\/post"}],"author":[{"embeddable":true,"href":"https:\/\/linitiative.ca\/International\/wp-json\/wp\/v2\/users\/1759"}],"replies":[{"embeddable":true,"href":"https:\/\/linitiative.ca\/International\/wp-json\/wp\/v2\/comments?post=114640"}],"version-history":[{"count":0,"href":"https:\/\/linitiative.ca\/International\/wp-json\/wp\/v2\/posts\/114640\/revisions"}],"wp:attachment":[{"href":"https:\/\/linitiative.ca\/International\/wp-json\/wp\/v2\/media?parent=114640"}],"wp:term":[{"taxonomy":"category","embeddable":true,"href":"https:\/\/linitiative.ca\/International\/wp-json\/wp\/v2\/categories?post=114640"},{"taxonomy":"post_tag","embeddable":true,"href":"https:\/\/linitiative.ca\/International\/wp-json\/wp\/v2\/tags?post=114640"}],"curies":[{"name":"wp","href":"https:\/\/api.w.org\/{rel}","templated":true}]}}