{"id":114641,"date":"2021-04-10T07:28:20","date_gmt":"2021-04-10T11:28:20","guid":{"rendered":"https:\/\/linitiative.ca\/International\/electromenager-les-appareils-energivores-non-grata-sur-le-marche\/"},"modified":"2021-04-10T07:28:20","modified_gmt":"2021-04-10T11:28:20","slug":"electromenager-les-appareils-energivores-non-grata-sur-le-marche","status":"publish","type":"post","link":"https:\/\/linitiative.ca\/International\/electromenager-les-appareils-energivores-non-grata-sur-le-marche\/","title":{"rendered":"\u00c9lectrom\u00e9nager: les appareils \u00e9nergivores non grata sur le march\u00e9"},"content":{"rendered":"<header>\n<\/header>\n<div class=\"entry-content clearfix\" readability=\"60\">\n<figure class=\"post-thumbnail\" itemprop=\"associatedMedia\" itemscope=\"itemscope\" itemtype=\"http:\/\/schema.org\/ImageObject\"><img decoding=\"async\" class=\"post_layout_5_img\" src=\"http:\/\/aujourdhui.ma\/wp-content\/uploads\/2020\/10\/conseil-de-gouvernement.jpg\" alt=\"\u00c9lectrom\u00e9nager: les appareils \u00e9nergivores non grata sur le march\u00e9\"\/><\/figure>\n<p><span class=\"c5\"><strong>L\u2019\u00e9tau va se resserrer contre les produits \u00e9nergivores.<\/strong><\/span><span id=\"more-373467\"\/><\/p>\n<p>En effet, le d\u00e9cret 2.20.716, approuv\u00e9 derni\u00e8rement en conseil de gouvernement et portant sur la performance \u00e9nerg\u00e9tique minimale des appareils et \u00e9quipements fonctionnant \u00e0 l\u2019\u00e9lectricit\u00e9, vient d\u2019entrer en vigueur. Ce d\u00e9cret permettra d\u2019\u00e9clairer les citoyens sur les choix y aff\u00e9rents du point de vue du niveau de consommation \u00e9nerg\u00e9tique.<br \/>Adopt\u00e9 en application de l\u2019article 2 de la loi 47.09 relative \u00e0 l\u2019efficacit\u00e9 \u00e9nerg\u00e9tique, le d\u00e9cret vise \u00e0 d\u00e9finir les engagements \u00e0 honorer par les parties prenantes dans la commercialisation des appareils et \u00e9quipements \u00e9nerg\u00e9tiques, notamment les producteurs, les importateurs et les distributeurs, en termes de performance \u00e9nerg\u00e9tique minimale et d\u2019\u00e9tiquetage \u00e9nerg\u00e9tique.<\/p>\n<p>Il offre un cadre de r\u00e9f\u00e9rence en mati\u00e8re de performance \u00e9nerg\u00e9tique minimale de chaque appareil et aux cat\u00e9gories d\u2019\u00e9nergie autoris\u00e9es sur le territoire national, lesquelles seront affich\u00e9es sur les \u00e9tiquettes, en plus des niveaux de consommation de l\u2019\u00e9nergie pour chaque produit.<br \/>Le texte pr\u00e9voit \u00e9galement l\u2019obligation de conformit\u00e9 entre les appareils et \u00e9quipements \u00e9nerg\u00e9tiques vendus au Maroc (y compris en ligne) et la performance \u00e9nerg\u00e9tique minimale, ainsi que l\u2019obligation de les \u00e9tiqueter de mani\u00e8re \u00e0 d\u00e9finir le niveau de consommation \u00e9nerg\u00e9tique.<\/p>\n<p>Il instaure en outre une obligation de contr\u00f4le afin d\u2019\u00e9valuer la conformit\u00e9 aux conditions requises sur le march\u00e9 national et en cas d\u2019importation de produits de ce genre, lequel contr\u00f4le est assur\u00e9 par les autorit\u00e9s gouvernementales comp\u00e9tentes.<\/p>\n<p>Il faut pr\u00e9ciser enfin que le Maroc vise \u00e0 r\u00e9duire sa consommation d\u2019\u00e9nergie de 20% \u00e0 l\u2019horizon 2030.<\/p>\n<\/div>\n<p>Auteur: ALM<br \/>\n<a href=\"https:\/\/aujourdhui.ma\/politique\/electromenager-les-appareils-energivores-non-grata-sur-le-marche\">Cliquez ici pour lire l&rsquo;article depuis sa source.<\/a><\/p>\n","protected":false},"excerpt":{"rendered":"<p>L\u2019\u00e9tau va se resserrer contre les produits \u00e9nergivores. En effet, le d\u00e9cret 2.20.716, approuv\u00e9 derni\u00e8rement en conseil de gouvernement et portant sur la performance \u00e9nerg\u00e9tique minimale des appareils et \u00e9quipements fonctionnant \u00e0 l\u2019\u00e9lectricit\u00e9, vient d\u2019entrer en vigueur. Ce d\u00e9cret permettra d\u2019\u00e9clairer les citoyens sur les choix y aff\u00e9rents du point de vue du niveau de [&hellip;]<\/p>\n","protected":false},"author":1759,"featured_media":0,"comment_status":"closed","ping_status":"closed","sticky":false,"template":"","format":"standard","meta":{"fifu_image_url":"http:\/\/aujourdhui.ma\/wp-content\/uploads\/2020\/10\/conseil-de-gouvernement.jpg","fifu_image_alt":"\u00c9lectrom\u00e9nager: les appareils \u00e9nergivores non grata sur le march\u00e9","footnotes":""},"categories":[73,54],"tags":[],"class_list":["post-114641","post","type-post","status-publish","format-standard","hentry","category-actualite","category-maroc"],"_links":{"self":[{"href":"https:\/\/linitiative.ca\/International\/wp-json\/wp\/v2\/posts\/114641","targetHints":{"allow":["GET"]}}],"collection":[{"href":"https:\/\/linitiative.ca\/International\/wp-json\/wp\/v2\/posts"}],"about":[{"href":"https:\/\/linitiative.ca\/International\/wp-json\/wp\/v2\/types\/post"}],"author":[{"embeddable":true,"href":"https:\/\/linitiative.ca\/International\/wp-json\/wp\/v2\/users\/1759"}],"replies":[{"embeddable":true,"href":"https:\/\/linitiative.ca\/International\/wp-json\/wp\/v2\/comments?post=114641"}],"version-history":[{"count":0,"href":"https:\/\/linitiative.ca\/International\/wp-json\/wp\/v2\/posts\/114641\/revisions"}],"wp:attachment":[{"href":"https:\/\/linitiative.ca\/International\/wp-json\/wp\/v2\/media?parent=114641"}],"wp:term":[{"taxonomy":"category","embeddable":true,"href":"https:\/\/linitiative.ca\/International\/wp-json\/wp\/v2\/categories?post=114641"},{"taxonomy":"post_tag","embeddable":true,"href":"https:\/\/linitiative.ca\/International\/wp-json\/wp\/v2\/tags?post=114641"}],"curies":[{"name":"wp","href":"https:\/\/api.w.org\/{rel}","templated":true}]}}