{"id":114642,"date":"2021-04-10T07:31:22","date_gmt":"2021-04-10T11:31:22","guid":{"rendered":"https:\/\/linitiative.ca\/International\/quotient-electoral-listes-regionales-feu-vert-de-la-cour-constitutionnelle\/"},"modified":"2021-04-10T07:31:22","modified_gmt":"2021-04-10T11:31:22","slug":"quotient-electoral-listes-regionales-feu-vert-de-la-cour-constitutionnelle","status":"publish","type":"post","link":"https:\/\/linitiative.ca\/International\/quotient-electoral-listes-regionales-feu-vert-de-la-cour-constitutionnelle\/","title":{"rendered":"Quotient \u00e9lectoral, listes r\u00e9gionales: feu vert de la cour constitutionnelle"},"content":{"rendered":"<header>\n<\/header>\n<div class=\"entry-content clearfix\" readability=\"40\">\n<figure class=\"post-thumbnail\" itemprop=\"associatedMedia\" itemscope=\"itemscope\" itemtype=\"http:\/\/schema.org\/ImageObject\"><img decoding=\"async\" class=\"post_layout_5_img\" src=\"http:\/\/aujourdhui.ma\/wp-content\/uploads\/2016\/02\/Elections-Calendrier-electoral-Maroc.jpg\" alt=\"Quotient \u00e9lectoral, listes r\u00e9gionales: feu vert de la cour constitutionnelle\"\/><\/figure>\n<p><span class=\"c5\"><strong>C\u2019est fait. La cour constitutionnelle vient de donner son visa pour la nouvelle loi organique relative \u00e0 la chambre des Repr\u00e9sentants.<\/strong><\/span><span id=\"more-373468\"\/><\/p>\n<p>Dans une d\u00e9cision tr\u00e8s attendue, la Cour a estim\u00e9 que toutes les nouveaut\u00e9s introduites au texte \u00e9taient conformes \u00e0 la constitution du pays. Il s\u2019agit notamment de la suppression de la liste nationale et son remplacement par les listes r\u00e9gionales ainsi que la modification du quotient \u00e9lectoral. Il faut pr\u00e9ciser que selon la constitution, les lois organiques n\u2019entrent en vigueur qu\u2019apr\u00e8s un avis favorable de la Cour constitutionnelle qui contr\u00f4le la conformit\u00e9 des dispositions desdites lois avec les articles de la loi fondamentale du pays.<\/p>\n<\/div>\n<p>Auteur: ALM<br \/>\n<a href=\"https:\/\/aujourdhui.ma\/politique\/quotient-electoral-listes-regionales-feu-vert-de-la-cour-constitutionnelle\">Cliquez ici pour lire l&rsquo;article depuis sa source.<\/a><\/p>\n","protected":false},"excerpt":{"rendered":"<p>C\u2019est fait. La cour constitutionnelle vient de donner son visa pour la nouvelle loi organique relative \u00e0 la chambre des Repr\u00e9sentants. Dans une d\u00e9cision tr\u00e8s attendue, la Cour a estim\u00e9 que toutes les nouveaut\u00e9s introduites au texte \u00e9taient conformes \u00e0 la constitution du pays. Il s\u2019agit notamment de la suppression de la liste nationale et [&hellip;]<\/p>\n","protected":false},"author":1759,"featured_media":0,"comment_status":"closed","ping_status":"closed","sticky":false,"template":"","format":"standard","meta":{"fifu_image_url":"http:\/\/aujourdhui.ma\/wp-content\/uploads\/2016\/02\/Elections-Calendrier-electoral-Maroc.jpg","fifu_image_alt":"Quotient \u00e9lectoral, listes r\u00e9gionales: feu vert de la cour constitutionnelle","footnotes":""},"categories":[73,54],"tags":[],"class_list":["post-114642","post","type-post","status-publish","format-standard","hentry","category-actualite","category-maroc"],"_links":{"self":[{"href":"https:\/\/linitiative.ca\/International\/wp-json\/wp\/v2\/posts\/114642","targetHints":{"allow":["GET"]}}],"collection":[{"href":"https:\/\/linitiative.ca\/International\/wp-json\/wp\/v2\/posts"}],"about":[{"href":"https:\/\/linitiative.ca\/International\/wp-json\/wp\/v2\/types\/post"}],"author":[{"embeddable":true,"href":"https:\/\/linitiative.ca\/International\/wp-json\/wp\/v2\/users\/1759"}],"replies":[{"embeddable":true,"href":"https:\/\/linitiative.ca\/International\/wp-json\/wp\/v2\/comments?post=114642"}],"version-history":[{"count":0,"href":"https:\/\/linitiative.ca\/International\/wp-json\/wp\/v2\/posts\/114642\/revisions"}],"wp:attachment":[{"href":"https:\/\/linitiative.ca\/International\/wp-json\/wp\/v2\/media?parent=114642"}],"wp:term":[{"taxonomy":"category","embeddable":true,"href":"https:\/\/linitiative.ca\/International\/wp-json\/wp\/v2\/categories?post=114642"},{"taxonomy":"post_tag","embeddable":true,"href":"https:\/\/linitiative.ca\/International\/wp-json\/wp\/v2\/tags?post=114642"}],"curies":[{"name":"wp","href":"https:\/\/api.w.org\/{rel}","templated":true}]}}