{"id":114643,"date":"2021-04-10T09:54:13","date_gmt":"2021-04-10T13:54:13","guid":{"rendered":"https:\/\/linitiative.ca\/International\/covid-19-seance-commune-des-deux-chambres-du-parlement-lundi\/"},"modified":"2021-04-10T09:54:13","modified_gmt":"2021-04-10T13:54:13","slug":"covid-19-seance-commune-des-deux-chambres-du-parlement-lundi","status":"publish","type":"post","link":"https:\/\/linitiative.ca\/International\/covid-19-seance-commune-des-deux-chambres-du-parlement-lundi\/","title":{"rendered":"Covid-19: S\u00e9ance commune des deux chambres du parlement lundi"},"content":{"rendered":"<header>\n<\/header>\n<div class=\"entry-content clearfix\" readability=\"40\">\n<figure class=\"post-thumbnail\" itemprop=\"associatedMedia\" itemscope=\"itemscope\" itemtype=\"http:\/\/schema.org\/ImageObject\"><img decoding=\"async\" class=\"post_layout_5_img\" src=\"http:\/\/aujourdhui.ma\/wp-content\/uploads\/2021\/03\/Test-Covid-19-Coronavirus.jpg\" alt=\"Covid-19: S\u00e9ance commune des deux chambres du parlement lundi\"\/><\/figure>\n<p><strong>Les deux chambres du parlement tiendront lundi une s\u00e9ance pl\u00e9ni\u00e8re commune au cours de laquelle le chef du gouvernement Saad Eddine Otmani pr\u00e9sentera des donn\u00e9es sur la situation \u00e9pid\u00e9miologique dans le Royaume, a-t-on indiqu\u00e9 samedi dans un communiqu\u00e9 conjoint.<\/strong><span id=\"more-373475\"\/><br \/>L\u2019intervention de M. Otmani sera ax\u00e9e sur \u00ab\u00a0la situation \u00e9pid\u00e9miologique de la covid-19: les \u00e9volutions, les mesures de pr\u00e9vention et d\u2019accompagnement\u00a0\u00bb, pr\u00e9cise la m\u00eame source.<br \/>La s\u00e9ance qui d\u00e9butera \u00e0 15H30 se tiendra conform\u00e9ment \u00e0 l\u2019article 68 de la Constitution, dans le respect des mesures pr\u00e9ventives adopt\u00e9es contre la pand\u00e9mie, souligne le communiqu\u00e9.<\/p>\n<\/div>\n<p>Auteur: ALM<br \/>\n<a href=\"https:\/\/aujourdhui.ma\/societe\/covid-19-seance-commune-des-deux-chambres-du-parlement-lundi\">Cliquez ici pour lire l&rsquo;article depuis sa source.<\/a><\/p>\n","protected":false},"excerpt":{"rendered":"<p>Les deux chambres du parlement tiendront lundi une s\u00e9ance pl\u00e9ni\u00e8re commune au cours de laquelle le chef du gouvernement Saad Eddine Otmani pr\u00e9sentera des donn\u00e9es sur la situation \u00e9pid\u00e9miologique dans le Royaume, a-t-on indiqu\u00e9 samedi dans un communiqu\u00e9 conjoint.L\u2019intervention de M. Otmani sera ax\u00e9e sur \u00ab\u00a0la situation \u00e9pid\u00e9miologique de la covid-19: les \u00e9volutions, les mesures [&hellip;]<\/p>\n","protected":false},"author":1759,"featured_media":0,"comment_status":"closed","ping_status":"closed","sticky":false,"template":"","format":"standard","meta":{"fifu_image_url":"http:\/\/aujourdhui.ma\/wp-content\/uploads\/2021\/03\/Test-Covid-19-Coronavirus.jpg","fifu_image_alt":"Covid-19: S\u00e9ance commune des deux chambres du parlement lundi","footnotes":""},"categories":[73,54],"tags":[],"class_list":["post-114643","post","type-post","status-publish","format-standard","hentry","category-actualite","category-maroc"],"_links":{"self":[{"href":"https:\/\/linitiative.ca\/International\/wp-json\/wp\/v2\/posts\/114643","targetHints":{"allow":["GET"]}}],"collection":[{"href":"https:\/\/linitiative.ca\/International\/wp-json\/wp\/v2\/posts"}],"about":[{"href":"https:\/\/linitiative.ca\/International\/wp-json\/wp\/v2\/types\/post"}],"author":[{"embeddable":true,"href":"https:\/\/linitiative.ca\/International\/wp-json\/wp\/v2\/users\/1759"}],"replies":[{"embeddable":true,"href":"https:\/\/linitiative.ca\/International\/wp-json\/wp\/v2\/comments?post=114643"}],"version-history":[{"count":0,"href":"https:\/\/linitiative.ca\/International\/wp-json\/wp\/v2\/posts\/114643\/revisions"}],"wp:attachment":[{"href":"https:\/\/linitiative.ca\/International\/wp-json\/wp\/v2\/media?parent=114643"}],"wp:term":[{"taxonomy":"category","embeddable":true,"href":"https:\/\/linitiative.ca\/International\/wp-json\/wp\/v2\/categories?post=114643"},{"taxonomy":"post_tag","embeddable":true,"href":"https:\/\/linitiative.ca\/International\/wp-json\/wp\/v2\/tags?post=114643"}],"curies":[{"name":"wp","href":"https:\/\/api.w.org\/{rel}","templated":true}]}}