{"id":114645,"date":"2021-04-09T17:51:37","date_gmt":"2021-04-09T21:51:37","guid":{"rendered":"https:\/\/linitiative.ca\/International\/seminaire-sur-la-lutte-contre-la-violence-a-legard-des-femmes\/"},"modified":"2021-04-09T17:51:37","modified_gmt":"2021-04-09T21:51:37","slug":"seminaire-sur-la-lutte-contre-la-violence-a-legard-des-femmes","status":"publish","type":"post","link":"https:\/\/linitiative.ca\/International\/seminaire-sur-la-lutte-contre-la-violence-a-legard-des-femmes\/","title":{"rendered":"S\u00e9minaire sur la lutte contre la violence \u00e0 l\u2019\u00e9gard des femmes"},"content":{"rendered":"<div readability=\"37\">\n<p>Marrakech- L\u2019Association Ennakhil a organis\u00e9, jeudi \u00e0 Marrakech, un s\u00e9minaire r\u00e9gional sur les mesures institutionnelles, juridiques et pr\u00e9ventives pour lutter contre la violence bas\u00e9e sur le genre dans le contexte de la crise sanitaire induite par la pand\u00e9mie du coronavirus (Covid-19).<\/p>\n<\/div>\n<div readability=\"104\">\n<p>Lors de cette rencontre, qui a connu la participation de militants des droits de l\u2019Homme et d\u2019acteurs de la soci\u00e9t\u00e9 civile, il a \u00e9t\u00e9 proc\u00e9d\u00e9 \u00e0 la pr\u00e9sentation d\u2019une \u00e9tude analytique sur \u00ab\u00a0l\u2019impact de la crise de la Covid-19 sur la violence bas\u00e9e sur le genre dans la r\u00e9gion\u00a0Marrakech-Safi\u00a0\u00bb ayant conclu que \u00ab\u00a0la crise de la Covid-19 a provoqu\u00e9 un arr\u00eat presque total de l\u2019activit\u00e9 \u00e9conomique, ayant entrain\u00e9 une hausse consid\u00e9rable des cas de violence pendant la p\u00e9riode d\u2019urgence sanitaire\u00a0\u00bb.<\/p>\n<p>Selon l\u2019\u00e9tude, pr\u00e9sent\u00e9e par le professeur Mohamed Louzi, expert dans le domaine du genre et du d\u00e9veloppement, le nombre de femmes victimes de violence s\u2019est \u00e9lev\u00e9, pendant la p\u00e9riode d\u2019urgence sanitaire de mani\u00e8re remarquable dans les diff\u00e9rentes provinces et pr\u00e9fecture de la r\u00e9gion\u00a0Marrakech-Safi.<\/p>\n<p>R\u00e9alis\u00e9 entre le 20 mars et le 31 ao\u00fbt 2020, l\u2019\u00e9tude montre qu\u2019environ 88% des femmes victimes de violence qui ont b\u00e9n\u00e9fici\u00e9 des services des centres d\u2019\u00e9coute ont signal\u00e9 un changement de leur statut social gr\u00e2ce au soutien apport\u00e9 par les centres d\u2019\u00e9coute d\u2019Ennakhil et ceux des huit partenaires associatifs dans la r\u00e9gion de\u00a0Marrakech-Safi.<\/p>\n<p>Le document met en avant aussi l\u2019importance de l\u2019accompagnement pour la cr\u00e9ation d\u2019un environnement juridique pour lutter contre la violence \u00e0 l\u2019\u00e9gard des femmes notamment pendant les crises, la mise en place de supports num\u00e9riques pour prendre en charge les femmes victimes de violence, ainsi que l\u2019autonomisation \u00e9conomique des femmes et la promotion de la coordination entre les acteurs concern\u00e9s.<\/p>\n<p>Dans une d\u00e9claration \u00e0 la MAP, M. Houcine Raji, Pr\u00e9sident de l\u2019Association Ennakhil, a soulign\u00e9 que ce s\u00e9minaire avait pour objectif d\u2019approfondir le d\u00e9bat sur les effets n\u00e9gatifs de la pand\u00e9mie de la Covid-19 sur les efforts visant \u00e0 lutter contre la violence \u00e0 l\u2019\u00e9gard des femmes, faisant savoir que cette rencontre organis\u00e9e en partenariat avec l\u2019Agence Am\u00e9ricaine pour le D\u00e9veloppement International (USAID) s\u2019inscrit dans le cadre de l\u2019examen des mesures visant \u00e0 att\u00e9nuer les effets de la pand\u00e9mie, notamment dans le domaine de la lutte contre la violence \u00e0 l\u2019\u00e9gard des femmes.<\/p>\n<p>Il a ajout\u00e9 que cette rencontre a permis de d\u00e9couvrir de nouvelles formes virtuelles pour continuer les efforts de lutte contre la violence bas\u00e9e sur le genre, soulignant que la soci\u00e9t\u00e9 civile est appel\u00e9e \u00e0 maitriser ces moyens de communication modernes.<\/p>\n<p>De son c\u00f4t\u00e9, le premier substitut du Procureur g\u00e9n\u00e9ral du Roi pr\u00e8s la Cour d\u2019appel de\u00a0Marrakech\u00a0et pr\u00e9sident de la Commission r\u00e9gionale de prise en charge des femmes victimes de violence, Moulay Hassan Souidi, a mis en relief le r\u00f4le des institutions publiques en mati\u00e8re de prise de mesures n\u00e9cessaires, notamment l\u2019\u00e9tablissement des premiers partenariats entre la pr\u00e9sidence du Minist\u00e8re public et l\u2019Union Nationale des Femmes au Maroc (UNFM), \u00e0 travers la cr\u00e9ation d\u2019une plateforme \u00e9lectronique qui permet \u00e0 la gent f\u00e9minine d\u2019acc\u00e9der \u00e0 la justice, gr\u00e2ce \u00e0 une ligne verte gratuite.<\/p>\n<p>Dans le cadre des efforts consentis par le pouvoir judiciaire dans ce domaine, il a relev\u00e9 que la Commission r\u00e9gionale de prise en charge des femmes victimes de violence a cr\u00e9\u00e9 une plateforme \u00e9lectronique et un site Internet qui permettent aux femmes d\u2019acc\u00e9der \u00e0 la justice, soulignant l\u2019efficacit\u00e9 de la solidarit\u00e9 entre le gouvernement, le pouvoir judiciaire et la soci\u00e9t\u00e9 civile dans la f\u00e9d\u00e9ration des efforts visant \u00e0 lutter efficacement contre ce fl\u00e9au.<\/p>\n<p>Cette rencontre a \u00e9t\u00e9 l\u2019occasion de proc\u00e9der \u00e0 une analyse et lecture critiques de l\u2019\u00e9tude analytique sur l\u2019impact de la crise de la Covid-19 sur la violence bas\u00e9e sur le genre, ainsi qu\u2019\u00e0 la pr\u00e9sentation de la plateforme num\u00e9rique par la Commission r\u00e9gionale de prise en charge des femmes victimes de violence.<\/p>\n<p>Lors de ce conclave, l\u2019accent a \u00e9t\u00e9 mis aussi sur l\u2019exp\u00e9rience du Conseil d\u2019arrondissement M\u00e9nara dans le domaine de la lutte contre la violence bas\u00e9e sur le genre.<\/p>\n<\/div>\n<p>Auteur: Mohammed KOURSI<br \/>\n<a href=\"http:\/\/www.mapmarrakech.ma\/fr\/seminaire-sur-la-lutte-contre-la-violence-a-legard-des-femmes\/\">Cliquez ici pour lire l&rsquo;article depuis sa source.<\/a><\/p>\n","protected":false},"excerpt":{"rendered":"<p>Marrakech- L\u2019Association Ennakhil a organis\u00e9, jeudi \u00e0 Marrakech, un s\u00e9minaire r\u00e9gional sur les mesures institutionnelles, juridiques et pr\u00e9ventives pour lutter contre la violence bas\u00e9e sur le genre dans le contexte de la crise sanitaire induite par la pand\u00e9mie du coronavirus (Covid-19). Lors de cette rencontre, qui a connu la participation de militants des droits de [&hellip;]<\/p>\n","protected":false},"author":1788,"featured_media":0,"comment_status":"closed","ping_status":"closed","sticky":false,"template":"","format":"standard","meta":{"fifu_image_url":"","fifu_image_alt":"","footnotes":""},"categories":[54,76],"tags":[],"class_list":["post-114645","post","type-post","status-publish","format-standard","hentry","category-maroc","category-regions"],"_links":{"self":[{"href":"https:\/\/linitiative.ca\/International\/wp-json\/wp\/v2\/posts\/114645","targetHints":{"allow":["GET"]}}],"collection":[{"href":"https:\/\/linitiative.ca\/International\/wp-json\/wp\/v2\/posts"}],"about":[{"href":"https:\/\/linitiative.ca\/International\/wp-json\/wp\/v2\/types\/post"}],"author":[{"embeddable":true,"href":"https:\/\/linitiative.ca\/International\/wp-json\/wp\/v2\/users\/1788"}],"replies":[{"embeddable":true,"href":"https:\/\/linitiative.ca\/International\/wp-json\/wp\/v2\/comments?post=114645"}],"version-history":[{"count":0,"href":"https:\/\/linitiative.ca\/International\/wp-json\/wp\/v2\/posts\/114645\/revisions"}],"wp:attachment":[{"href":"https:\/\/linitiative.ca\/International\/wp-json\/wp\/v2\/media?parent=114645"}],"wp:term":[{"taxonomy":"category","embeddable":true,"href":"https:\/\/linitiative.ca\/International\/wp-json\/wp\/v2\/categories?post=114645"},{"taxonomy":"post_tag","embeddable":true,"href":"https:\/\/linitiative.ca\/International\/wp-json\/wp\/v2\/tags?post=114645"}],"curies":[{"name":"wp","href":"https:\/\/api.w.org\/{rel}","templated":true}]}}