{"id":114646,"date":"2021-04-10T04:15:30","date_gmt":"2021-04-10T08:15:30","guid":{"rendered":"https:\/\/linitiative.ca\/International\/formation-sur-les-mecanismes-modernes-de-cooperation-judiciaire\/"},"modified":"2021-04-10T04:15:30","modified_gmt":"2021-04-10T08:15:30","slug":"formation-sur-les-mecanismes-modernes-de-cooperation-judiciaire","status":"publish","type":"post","link":"https:\/\/linitiative.ca\/International\/formation-sur-les-mecanismes-modernes-de-cooperation-judiciaire\/","title":{"rendered":"Formation sur les m\u00e9canismes modernes de coop\u00e9ration judiciaire"},"content":{"rendered":"<div readability=\"37\">\n<p>Marrakech- La cit\u00e9 ocre a abrit\u00e9, les 8 et 9 avril courant, une session de formation dans le domaine des m\u00e9canismes modernes de coop\u00e9ration judiciaire internationale dans le cadre du programme de coop\u00e9ration technique entre la pr\u00e9sidence du minist\u00e8re public et le programme de lutte contre le terrorisme au Moyen-Orient et Afrique du Nord de l\u2019Union europ\u00e9enne (UE).<\/p>\n<\/div>\n<div readability=\"104\">\n<p>Cette formation vise \u00e0 permettre aux b\u00e9n\u00e9ficiaires, dont les magistrats du Parquet G\u00e9n\u00e9ral, les magistrats de liaison marocains et \u00e9trangers accr\u00e9dit\u00e9s au Maroc ainsi que des b\u00e9n\u00e9ficiaires du Bureau central national (BCN) d\u2019Interpol, de prendre connaissance des m\u00e9canismes modernes de coop\u00e9ration judiciaire internationale dans le domaine p\u00e9nal.<\/p>\n<p>Il s\u2019agit principalement des m\u00e9canismes d\u2019\u00e9quipes communes d\u2019enqu\u00eate et d\u2019infiltration comme le stipulent plusieurs conventions internationales ratifi\u00e9es par le Maroc, dont la Convention des Nations-Unies contre la criminalit\u00e9 transnationale organis\u00e9e et la convention de Budapest relative \u00e0 la lutte contre la cybercriminalit\u00e9.<\/p>\n<p>Dans une d\u00e9claration \u00e0 la MAP, le chef de la Division de la coop\u00e9ration judiciaire internationale \u00e0 la pr\u00e9sidence du minist\u00e8re public, M. Hafid Bahdou, a indiqu\u00e9 que cette importante rencontre vise \u00e0 rapprocher les magistrats du parquet g\u00e9n\u00e9ral des dispositifs modernes de coop\u00e9ration judiciaire, notamment des m\u00e9canismes d\u2019\u00e9quipes communes d\u2019enqu\u00eate et d\u2019infiltration, relevant que cette formation s\u2019assigne aussi pour objectifs d\u2019am\u00e9liorer la performance dans l\u2019avenir dans l\u2019attente du nouveau Code de proc\u00e9dure p\u00e9nale et de surmonter certains carences des m\u00e9canismes traditionnels dans la coop\u00e9ration judiciaire orient\u00e9es principalement vers la lutte contre le crime transfrontalier organis\u00e9 et le crime terroriste.<\/p>\n<p>Il s\u2019agit, selon le responsable judiciaire, de m\u00e9canismes modernes de nature \u00e0 permettre aux magistrats du parquet g\u00e9n\u00e9ral et aux services de la Police judiciaire de mener des enqu\u00eates en dehors du territoire national, ainsi que les op\u00e9rations d\u2019infiltration des organisations terroristes, rechercher les preuves et traduire les auteurs devant la justice.<\/p>\n<p>M. Bahdou a conclu que l\u2019objectif ultime de ce genre de formation consiste \u00e0 am\u00e9liorer et promouvoir la qualit\u00e9 du texte marocain et le rendre un m\u00e9canisme l\u00e9gal permettant \u00e0 la justice marocaine de lutter contre le crime et l\u2019impunit\u00e9 ind\u00e9pendamment des fronti\u00e8res nationales.<\/p>\n<p>Dans une d\u00e9claration similaire, le juge fran\u00e7ais de liaison au Maroc, M. Pierre Arnaudin, a relev\u00e9 que cette session de formation met l\u2019accent sur les m\u00e9canismes d\u2019\u00e9quipes communes d\u2019enqu\u00eate et d\u2019infiltration concern\u00e9s par les crimes organis\u00e9s et complexes qui touchent les pays dans l\u2019objectif de cr\u00e9er des outils juridiques au profit des enqu\u00eateurs et magistrats afin qu\u2019ils puissent travailler conjointement et r\u00e9aliser les objectifs escompt\u00e9s.<\/p>\n<p>Le magistrat fran\u00e7ais s\u2019est f\u00e9licit\u00e9 du niveau de coop\u00e9ration judiciaire entre le Maroc et la France gr\u00e2ce \u00e0 un \u00e9change fructueux et fluide, notant que le Maroc est pr\u00e9dispos\u00e9 \u00e0 l\u2019adoption des deux m\u00e9canismes en tant que moyen efficace pour lutter contre le crime organis\u00e9, et qui est utilis\u00e9 par l\u2019UE depuis 15 ans.<\/p>\n<p>Cette formation a permis aux magistrats du Parquet g\u00e9n\u00e9ral de s\u2019enqu\u00e9rir des exp\u00e9riences compar\u00e9es dans le domaine de l\u2019adoption de ces m\u00e9canismes. Elle vise aussi \u00e0 renforcer leur qualification proactive et \u00e0 assurer une mise en \u0153uvre efficace des techniques d\u2019\u00e9quipes communes d\u2019enqu\u00eate et d\u2019infiltration comme stipul\u00e9 dans l\u2019avant-projet du Code de proc\u00e9dure p\u00e9nale.<\/p>\n<p>Le programme de cette formation comportait deux s\u00e9ances portant sur \u00ab\u00a0les nouvelles dispositions du projet de Code de proc\u00e9dure p\u00e9nale en rapport avec les \u00e9quipes communes d\u2019enqu\u00eate\u00a0\u00bb et \u00ab\u00a0le cadre institutionnel des \u00e9quipes communes d\u2019enqu\u00eate\u00a0\u00bb et \u00ab\u00a0la pratique judiciaire fran\u00e7aise dans le domaine des \u00e9quipes communes d\u2019enqu\u00eate\u00a0\u00bb.<\/p>\n<p>Il s\u2019agit aussi de \u00ab\u00a0l\u2019exp\u00e9rience espagnole dans le domaine des \u00e9quipes communes d\u2019enqu\u00eate\u00a0\u00bb, \u00ab\u00a0les nouvelles dispositions du projet de Code de proc\u00e9dure p\u00e9nale en rapport avec l\u2019infiltration\u00a0\u00bb, \u00ab\u00a0l\u2019infiltration en tant que m\u00e9canisme de lutte contre le crime transfrontalier\u00a0\u00bb et \u00ab\u00a0la pratique judiciaire belge dans le domaine de l\u2019infiltration\u00a0\u00bb.<\/p>\n<p>Cette session de formation est encadr\u00e9e par des experts marocains et \u00e9trangers de haut niveau ayant cumul\u00e9 une grande exp\u00e9rience scientifique au niveau international de fa\u00e7on \u00e0 leur permettre de renforcer les capacit\u00e9s des b\u00e9n\u00e9ficiaires dans le domaine de la mise en \u0153uvre des m\u00e9canismes modernes de coop\u00e9ration judiciaire internationale qui repr\u00e9sente l\u2019un des importants m\u00e9canismes de lutte contre le crime organis\u00e9 et le crime terroriste.<\/p>\n<\/div>\n<p>Auteur: Mohammed KOURSI<br \/>\n<a href=\"http:\/\/www.mapmarrakech.ma\/fr\/formation-sur-les-mecanismes-modernes-de-cooperation-judiciaire\/\">Cliquez ici pour lire l&rsquo;article depuis sa source.<\/a><\/p>\n","protected":false},"excerpt":{"rendered":"<p>Marrakech- La cit\u00e9 ocre a abrit\u00e9, les 8 et 9 avril courant, une session de formation dans le domaine des m\u00e9canismes modernes de coop\u00e9ration judiciaire internationale dans le cadre du programme de coop\u00e9ration technique entre la pr\u00e9sidence du minist\u00e8re public et le programme de lutte contre le terrorisme au Moyen-Orient et Afrique du Nord de [&hellip;]<\/p>\n","protected":false},"author":1788,"featured_media":0,"comment_status":"closed","ping_status":"closed","sticky":false,"template":"","format":"standard","meta":{"fifu_image_url":"","fifu_image_alt":"","footnotes":""},"categories":[54,76],"tags":[],"class_list":["post-114646","post","type-post","status-publish","format-standard","hentry","category-maroc","category-regions"],"_links":{"self":[{"href":"https:\/\/linitiative.ca\/International\/wp-json\/wp\/v2\/posts\/114646","targetHints":{"allow":["GET"]}}],"collection":[{"href":"https:\/\/linitiative.ca\/International\/wp-json\/wp\/v2\/posts"}],"about":[{"href":"https:\/\/linitiative.ca\/International\/wp-json\/wp\/v2\/types\/post"}],"author":[{"embeddable":true,"href":"https:\/\/linitiative.ca\/International\/wp-json\/wp\/v2\/users\/1788"}],"replies":[{"embeddable":true,"href":"https:\/\/linitiative.ca\/International\/wp-json\/wp\/v2\/comments?post=114646"}],"version-history":[{"count":0,"href":"https:\/\/linitiative.ca\/International\/wp-json\/wp\/v2\/posts\/114646\/revisions"}],"wp:attachment":[{"href":"https:\/\/linitiative.ca\/International\/wp-json\/wp\/v2\/media?parent=114646"}],"wp:term":[{"taxonomy":"category","embeddable":true,"href":"https:\/\/linitiative.ca\/International\/wp-json\/wp\/v2\/categories?post=114646"},{"taxonomy":"post_tag","embeddable":true,"href":"https:\/\/linitiative.ca\/International\/wp-json\/wp\/v2\/tags?post=114646"}],"curies":[{"name":"wp","href":"https:\/\/api.w.org\/{rel}","templated":true}]}}