{"id":114648,"date":"2021-04-10T07:46:19","date_gmt":"2021-04-10T11:46:19","guid":{"rendered":"https:\/\/linitiative.ca\/International\/approvisionnement-des-marches-abondance-de-loffre-et-stabilite-des-prix\/"},"modified":"2021-04-10T07:46:19","modified_gmt":"2021-04-10T11:46:19","slug":"approvisionnement-des-marches-abondance-de-loffre-et-stabilite-des-prix","status":"publish","type":"post","link":"https:\/\/linitiative.ca\/International\/approvisionnement-des-marches-abondance-de-loffre-et-stabilite-des-prix\/","title":{"rendered":"Approvisionnement des march\u00e9s: Abondance de l\u2019offre et stabilit\u00e9 des prix"},"content":{"rendered":"<p><iframe loading=\"lazy\" width=\"1170\" height=\"658\" src=\"https:\/\/www.youtube.com\/embed\/IazeXiBkJJM?feature=oembed\" frameborder=\"0\" allow=\"accelerometer; autoplay; clipboard-write; encrypted-media; gyroscope; picture-in-picture\" allowfullscreen=\"allowfullscreen\">[embedded content]<\/iframe><\/p>\n<div class=\"single-post-excerpt post-excerpt-bc\" readability=\"36\">\n<p>A l\u2019approche du mois sacr\u00e9 du Ramadan, la situation de l\u2019approvisionnement des march\u00e9s locaux au niveau de la pr\u00e9fecture de Marrakech se caract\u00e9rise par une offre abondante des denr\u00e9es alimentaires les plus pr\u00e9cis\u00e9es durant ce mois b\u00e9ni, ainsi que par la stabilit\u00e9 de leurs prix.<\/p>\n<\/div>\n<p>Auteur: Mohammed KOURSI<br \/>\n<a href=\"http:\/\/www.mapmarrakech.ma\/fr\/approvisionnement-des-marches-abondance-de-loffre-et-stabilite-des-prix-2\/\">Cliquez ici pour lire l&rsquo;article depuis sa source.<\/a><\/p>\n","protected":false},"excerpt":{"rendered":"<p>[embedded content] A l\u2019approche du mois sacr\u00e9 du Ramadan, la situation de l\u2019approvisionnement des march\u00e9s locaux au niveau de la pr\u00e9fecture de Marrakech se caract\u00e9rise par une offre abondante des denr\u00e9es alimentaires les plus pr\u00e9cis\u00e9es durant ce mois b\u00e9ni, ainsi que par la stabilit\u00e9 de leurs prix. Auteur: Mohammed KOURSI Cliquez ici pour lire l&rsquo;article [&hellip;]<\/p>\n","protected":false},"author":1788,"featured_media":0,"comment_status":"closed","ping_status":"closed","sticky":false,"template":"","format":"standard","meta":{"fifu_image_url":"","fifu_image_alt":"","footnotes":""},"categories":[54,76],"tags":[],"class_list":["post-114648","post","type-post","status-publish","format-standard","hentry","category-maroc","category-regions"],"_links":{"self":[{"href":"https:\/\/linitiative.ca\/International\/wp-json\/wp\/v2\/posts\/114648","targetHints":{"allow":["GET"]}}],"collection":[{"href":"https:\/\/linitiative.ca\/International\/wp-json\/wp\/v2\/posts"}],"about":[{"href":"https:\/\/linitiative.ca\/International\/wp-json\/wp\/v2\/types\/post"}],"author":[{"embeddable":true,"href":"https:\/\/linitiative.ca\/International\/wp-json\/wp\/v2\/users\/1788"}],"replies":[{"embeddable":true,"href":"https:\/\/linitiative.ca\/International\/wp-json\/wp\/v2\/comments?post=114648"}],"version-history":[{"count":0,"href":"https:\/\/linitiative.ca\/International\/wp-json\/wp\/v2\/posts\/114648\/revisions"}],"wp:attachment":[{"href":"https:\/\/linitiative.ca\/International\/wp-json\/wp\/v2\/media?parent=114648"}],"wp:term":[{"taxonomy":"category","embeddable":true,"href":"https:\/\/linitiative.ca\/International\/wp-json\/wp\/v2\/categories?post=114648"},{"taxonomy":"post_tag","embeddable":true,"href":"https:\/\/linitiative.ca\/International\/wp-json\/wp\/v2\/tags?post=114648"}],"curies":[{"name":"wp","href":"https:\/\/api.w.org\/{rel}","templated":true}]}}