{"id":114651,"date":"2021-04-10T10:31:20","date_gmt":"2021-04-10T14:31:20","guid":{"rendered":"https:\/\/linitiative.ca\/International\/le-processus-de-mise-a-niveau-urbaine-de-jerada-et-taourirt-se-poursuit\/"},"modified":"2021-04-10T10:31:20","modified_gmt":"2021-04-10T14:31:20","slug":"le-processus-de-mise-a-niveau-urbaine-de-jerada-et-taourirt-se-poursuit","status":"publish","type":"post","link":"https:\/\/linitiative.ca\/International\/le-processus-de-mise-a-niveau-urbaine-de-jerada-et-taourirt-se-poursuit\/","title":{"rendered":"Le processus de mise \u00e0 niveau urbaine de Jerada et Taourirt se poursuit"},"content":{"rendered":"<p><iframe loading=\"lazy\" width=\"1170\" height=\"658\" src=\"https:\/\/www.youtube.com\/embed\/GcvJj0cG9Ck?feature=oembed\" frameborder=\"0\" allow=\"accelerometer; autoplay; clipboard-write; encrypted-media; gyroscope; picture-in-picture\" allowfullscreen=\"allowfullscreen\">[embedded content]<\/iframe><\/p>\n<div class=\"single-post-excerpt post-excerpt-bc\" readability=\"36\">\n<p>Le processus de mise \u00e0 niveau urbaine des villes de Jerada et Taourirt, qui se poursuit \u00e0 un rythme soutenu \u00e0 la faveur d\u2019une mobilisation accrue des parties prenantes et d\u2019un suivi rigoureux des diff\u00e9rents chantiers, vient d\u2019\u00eatre confort\u00e9 par de nouveaux projets.<\/p>\n<\/div>\n<p>Auteur: Soufiane ELAHMAR<br \/>\n<a href=\"http:\/\/www.mapoujda.ma\/fr\/le-processus-de-mise-a-niveau-urbaine-de-jerada-et-taourirt-se-poursuit-2\/\">Cliquez ici pour lire l&rsquo;article depuis sa source.<\/a><\/p>\n","protected":false},"excerpt":{"rendered":"<p>[embedded content] Le processus de mise \u00e0 niveau urbaine des villes de Jerada et Taourirt, qui se poursuit \u00e0 un rythme soutenu \u00e0 la faveur d\u2019une mobilisation accrue des parties prenantes et d\u2019un suivi rigoureux des diff\u00e9rents chantiers, vient d\u2019\u00eatre confort\u00e9 par de nouveaux projets. Auteur: Soufiane ELAHMAR Cliquez ici pour lire l&rsquo;article depuis sa [&hellip;]<\/p>\n","protected":false},"author":1788,"featured_media":0,"comment_status":"closed","ping_status":"closed","sticky":false,"template":"","format":"standard","meta":{"fifu_image_url":"","fifu_image_alt":"","footnotes":""},"categories":[54,76],"tags":[],"class_list":["post-114651","post","type-post","status-publish","format-standard","hentry","category-maroc","category-regions"],"_links":{"self":[{"href":"https:\/\/linitiative.ca\/International\/wp-json\/wp\/v2\/posts\/114651","targetHints":{"allow":["GET"]}}],"collection":[{"href":"https:\/\/linitiative.ca\/International\/wp-json\/wp\/v2\/posts"}],"about":[{"href":"https:\/\/linitiative.ca\/International\/wp-json\/wp\/v2\/types\/post"}],"author":[{"embeddable":true,"href":"https:\/\/linitiative.ca\/International\/wp-json\/wp\/v2\/users\/1788"}],"replies":[{"embeddable":true,"href":"https:\/\/linitiative.ca\/International\/wp-json\/wp\/v2\/comments?post=114651"}],"version-history":[{"count":0,"href":"https:\/\/linitiative.ca\/International\/wp-json\/wp\/v2\/posts\/114651\/revisions"}],"wp:attachment":[{"href":"https:\/\/linitiative.ca\/International\/wp-json\/wp\/v2\/media?parent=114651"}],"wp:term":[{"taxonomy":"category","embeddable":true,"href":"https:\/\/linitiative.ca\/International\/wp-json\/wp\/v2\/categories?post=114651"},{"taxonomy":"post_tag","embeddable":true,"href":"https:\/\/linitiative.ca\/International\/wp-json\/wp\/v2\/tags?post=114651"}],"curies":[{"name":"wp","href":"https:\/\/api.w.org\/{rel}","templated":true}]}}