{"id":114652,"date":"2021-04-10T12:30:56","date_gmt":"2021-04-10T16:30:56","guid":{"rendered":"https:\/\/linitiative.ca\/International\/botola-pro-d1-inwi-le-mco-simpose-3-0-face-au-mas\/"},"modified":"2021-04-10T12:30:56","modified_gmt":"2021-04-10T16:30:56","slug":"botola-pro-d1-inwi-le-mco-simpose-3-0-face-au-mas","status":"publish","type":"post","link":"https:\/\/linitiative.ca\/International\/botola-pro-d1-inwi-le-mco-simpose-3-0-face-au-mas\/","title":{"rendered":"Botola Pro D1 \u00ab\u00a0Inwi\u00a0\u00bb : le MCO s\u2019impose (3-0) face au MAS"},"content":{"rendered":"<div class=\"single-featured\"><img alt=\"\" data-src=\"http:\/\/www.mapoujda.ma\/map\/uploads\/2021\/04\/MCO-Face-au-MAS-Botola-Pro-750\u00d7430-DR.jpg\"\/><\/div>\n<div class=\"entry-content clearfix single-post-content\" readability=\"53\">\n<p class=\"c4\">Le Mouloudia d\u2019Oujda (MCO) s\u2019est impos\u00e9 \u00e0 domicile face au Maghreb de F\u00e8s (MAS) sur le score de 3 buts \u00e0 0, samedi au stade d\u2019honneur de Oujda, pour le compte de la 11\u00e8 journ\u00e9e de la Botola Pro D1 \u00ab\u00a0Inwi\u00a0\u00bb de football.<\/p>\n<p class=\"c4\">Les locaux l\u2019ont emport\u00e9 gr\u00e2ce aux r\u00e9alisations de Lamine Diakite (35e), Aboubacar Demba Camara (55<sup>e<\/sup>, s.p) et Abdellah Khafifi (79e, s.p).<\/p>\n<p class=\"c4\">Gr\u00e2ce \u00e0 cette victoire, le MCO se d\u00e9fait de son adversaire du jour qui occupait avec lui la 7<sup>e<\/sup> place et prend d\u00e9sormais la 5<sup>e<\/sup> marche du classement avec 16 unit\u00e9s ex\u00e6quo avec l\u2019Ittihad Tanger, tandis que le Maghreb de F\u00e8s stagne \u00e0 la 8<sup>e<\/sup> position avec 13 points.<\/p>\n<p class=\"c4\">La 11<sup>e<\/sup> journ\u00e9e se poursuivra dimanche avec des rencontres qui mettront aux prises la Renaissance Zemamra au Youssoufia Berrechid, le Chabab Mohamm\u00e9dia \u00e0 l\u2019Olympic de Safi et le FUS de Rabat au Moghreb T\u00e9touan.<\/p>\n<\/div>\n<p>Auteur: Soufiane ELAHMAR<br \/>\n<a href=\"http:\/\/www.mapoujda.ma\/fr\/botola-pro-d1-inwi-le-mco-simpose-3-0-face-au-mas\/\">Cliquez ici pour lire l&rsquo;article depuis sa source.<\/a><\/p>\n","protected":false},"excerpt":{"rendered":"<p>Le Mouloudia d\u2019Oujda (MCO) s\u2019est impos\u00e9 \u00e0 domicile face au Maghreb de F\u00e8s (MAS) sur le score de 3 buts \u00e0 0, samedi au stade d\u2019honneur de Oujda, pour le compte de la 11\u00e8 journ\u00e9e de la Botola Pro D1 \u00ab\u00a0Inwi\u00a0\u00bb de football. Les locaux l\u2019ont emport\u00e9 gr\u00e2ce aux r\u00e9alisations de Lamine Diakite (35e), Aboubacar [&hellip;]<\/p>\n","protected":false},"author":1788,"featured_media":0,"comment_status":"closed","ping_status":"closed","sticky":false,"template":"","format":"standard","meta":{"fifu_image_url":"http:\/\/www.mapoujda.ma\/map\/uploads\/2021\/04\/MCO-Face-au-MAS-Botola-Pro-750\u00d7430-DR.jpg","fifu_image_alt":"Botola Pro D1 \u00ab\u00a0Inwi\u00a0\u00bb : le MCO s\u2019impose (3-0) face au MAS","footnotes":""},"categories":[54,76],"tags":[],"class_list":["post-114652","post","type-post","status-publish","format-standard","hentry","category-maroc","category-regions"],"_links":{"self":[{"href":"https:\/\/linitiative.ca\/International\/wp-json\/wp\/v2\/posts\/114652","targetHints":{"allow":["GET"]}}],"collection":[{"href":"https:\/\/linitiative.ca\/International\/wp-json\/wp\/v2\/posts"}],"about":[{"href":"https:\/\/linitiative.ca\/International\/wp-json\/wp\/v2\/types\/post"}],"author":[{"embeddable":true,"href":"https:\/\/linitiative.ca\/International\/wp-json\/wp\/v2\/users\/1788"}],"replies":[{"embeddable":true,"href":"https:\/\/linitiative.ca\/International\/wp-json\/wp\/v2\/comments?post=114652"}],"version-history":[{"count":0,"href":"https:\/\/linitiative.ca\/International\/wp-json\/wp\/v2\/posts\/114652\/revisions"}],"wp:attachment":[{"href":"https:\/\/linitiative.ca\/International\/wp-json\/wp\/v2\/media?parent=114652"}],"wp:term":[{"taxonomy":"category","embeddable":true,"href":"https:\/\/linitiative.ca\/International\/wp-json\/wp\/v2\/categories?post=114652"},{"taxonomy":"post_tag","embeddable":true,"href":"https:\/\/linitiative.ca\/International\/wp-json\/wp\/v2\/tags?post=114652"}],"curies":[{"name":"wp","href":"https:\/\/api.w.org\/{rel}","templated":true}]}}