{"id":114653,"date":"2021-04-10T07:34:26","date_gmt":"2021-04-10T11:34:26","guid":{"rendered":"https:\/\/linitiative.ca\/International\/covid-19-la-france-se-rapproche-de-la-barre-des-100-000-deces\/"},"modified":"2021-04-10T07:34:26","modified_gmt":"2021-04-10T11:34:26","slug":"covid-19-la-france-se-rapproche-de-la-barre-des-100-000-deces","status":"publish","type":"post","link":"https:\/\/linitiative.ca\/International\/covid-19-la-france-se-rapproche-de-la-barre-des-100-000-deces\/","title":{"rendered":"Covid-19 : La France se rapproche de la barre des 100.000 d\u00e9c\u00e8s"},"content":{"rendered":"<p class=\"rtejustify\">Avec 301 personnes d\u00e9c\u00e9d\u00e9es vendredi \u00e0 l&rsquo;h\u00f4pital du Covid-19, la France se rapproche de la barre des 100.000 d\u00e9c\u00e8s, avec 98.395 morts depuis le d\u00e9but de l&rsquo;\u00e9pid\u00e9mie.<\/p>\n<p class=\"rtejustify\">Selon des chiffres de Sant\u00e9 publique France, un total de 5.757 patients sont admis dans les services de soins critiques. Durant le pic de la premi\u00e8re vague, ce chiffre avait atteint un peu plus de 7000 patients d\u00e9but avril 2020. La pression sur les services hospitaliers continue d\u2019\u00eatre \u00e9lev\u00e9e avec d\u00e9sormais 30.326 malades du Covid admis dans les h\u00f4pitaux. Pour contenir l\u2019\u00e9pid\u00e9mie du nouveau Coronavirus, le gouvernement mise sur l\u2019acc\u00e9l\u00e9ration de la campagne vaccinale, mais \u00e9galement sur les mesures restrictives qui ont \u00e9t\u00e9 renforc\u00e9es.<\/p>\n<p class=\"rtejustify\">C\u2019est ainsi que le pays a r\u00e9ussi \u00e0 vacciner vendredi 510.267 personnes, un record depuis le d\u00e9but de la campagne. De m\u00eame, 10.507.294 personnes ont re\u00e7u au moins une injection depuis le d\u00e9marrage de cette campagne en d\u00e9cembre 2020, soit 15,7%, de la population. La France a entam\u00e9 mercredi la production locale de vaccins anti-Covid, dans la perspective d\u2019atteindre 250 millions de doses d\u2019ici la fin de l\u2019ann\u00e9e. Le sous-traitant Delpharm, a commenc\u00e9 \u00e0 fabriquer dans ses usines des premiers vaccins anti-Covid-19, avec la mise en flacons du vaccin Pfizer\/BioNTech.<\/p>\n<p class=\"rtejustify\">D&rsquo;autres sous-traitants, au total 5 dont Sanofy, devront d\u00e9marrer dans les semaines \u00e0 venir la production de vaccins d&rsquo;autres laboratoires internationaux. L&rsquo;ex\u00e9cutif se fixe pour objectif de vacciner 30 millions de personnes d\u2019ici l\u2019\u00e9t\u00e9, dont 10 millions \u00e0 la mi-avril et 20 millions \u00e0 la mi-mai.<\/p>\n<p class=\"rtejustify\">\u00a0<\/p>\n<p>Auteur: mbasraoui<br \/>\n<a href=\"https:\/\/www.leconomiste.com\/flash-infos\/covid-19-la-france-se-rapproche-de-la-barre-des-100-000-deces\">Cliquez ici pour lire l&rsquo;article depuis sa source.<\/a><\/p>\n","protected":false},"excerpt":{"rendered":"<p>Avec 301 personnes d\u00e9c\u00e9d\u00e9es vendredi \u00e0 l&rsquo;h\u00f4pital du Covid-19, la France se rapproche de la barre des 100.000 d\u00e9c\u00e8s, avec 98.395 morts depuis le d\u00e9but de l&rsquo;\u00e9pid\u00e9mie. Selon des chiffres de Sant\u00e9 publique France, un total de 5.757 patients sont admis dans les services de soins critiques. Durant le pic de la premi\u00e8re vague, ce [&hellip;]<\/p>\n","protected":false},"author":1763,"featured_media":0,"comment_status":"closed","ping_status":"closed","sticky":false,"template":"","format":"standard","meta":{"fifu_image_url":"","fifu_image_alt":"","footnotes":""},"categories":[78,54],"tags":[],"class_list":["post-114653","post","type-post","status-publish","format-standard","hentry","category-economie","category-maroc"],"_links":{"self":[{"href":"https:\/\/linitiative.ca\/International\/wp-json\/wp\/v2\/posts\/114653","targetHints":{"allow":["GET"]}}],"collection":[{"href":"https:\/\/linitiative.ca\/International\/wp-json\/wp\/v2\/posts"}],"about":[{"href":"https:\/\/linitiative.ca\/International\/wp-json\/wp\/v2\/types\/post"}],"author":[{"embeddable":true,"href":"https:\/\/linitiative.ca\/International\/wp-json\/wp\/v2\/users\/1763"}],"replies":[{"embeddable":true,"href":"https:\/\/linitiative.ca\/International\/wp-json\/wp\/v2\/comments?post=114653"}],"version-history":[{"count":0,"href":"https:\/\/linitiative.ca\/International\/wp-json\/wp\/v2\/posts\/114653\/revisions"}],"wp:attachment":[{"href":"https:\/\/linitiative.ca\/International\/wp-json\/wp\/v2\/media?parent=114653"}],"wp:term":[{"taxonomy":"category","embeddable":true,"href":"https:\/\/linitiative.ca\/International\/wp-json\/wp\/v2\/categories?post=114653"},{"taxonomy":"post_tag","embeddable":true,"href":"https:\/\/linitiative.ca\/International\/wp-json\/wp\/v2\/tags?post=114653"}],"curies":[{"name":"wp","href":"https:\/\/api.w.org\/{rel}","templated":true}]}}